{"id":6690,"date":"2024-05-24T15:25:18","date_gmt":"2024-05-24T13:25:18","guid":{"rendered":"https:\/\/campolameiro.org\/?p=6690"},"modified":"2024-05-28T13:28:16","modified_gmt":"2024-05-28T11:28:16","slug":"o-concello-de-campo-lameiro-abre-o-prazo-ata-o-12-de-xuno-para-anotarse-no-programa-concilia-para-nenos-e-nenas-de-3-a-12-anos-de-idade","status":"publish","type":"post","link":"https:\/\/campolameiro.org\/es\/o-concello-de-campo-lameiro-abre-o-prazo-ata-o-12-de-xuno-para-anotarse-no-programa-concilia-para-nenos-e-nenas-de-3-a-12-anos-de-idade\/","title":{"rendered":"O CONCELLO DE CAMPO LAMEIRO ABRE O PRAZO ATA O 12 DE XU\u00d1O PARA ANOTARSE NO \u00abPROGRAMA CONCILIA+\u00bb PARA NENOS E NENAS DE 3 A 12 ANOS DE IDADE"},"content":{"rendered":"<p>O Concello de Campo Lameiro, en colaboraci\u00f3n coa Deputaci\u00f3n de Pontevedra, abre o prazo ata o m\u00e9rcores 12 de xu\u00f1o para anotar aos nenos e nenas menores de 3 anos, que asistiran ao colexio, ata os 12 anos que queiran participar durante os meses de xullo e agosto no Programa Concilia+, con actividades de lecer para o ver\u00e1n, que ter\u00e1n lugar de luns a venres de 9 a 14 horas.<\/p>\n<p>O prezo por cada rapaz ser\u00e1 de 25 euros\/mes para os empadroados e de 40 euros\/mes para os non empadroados, cun l\u00edmite total de 30 prazas no mes de xullo e de 20 prazas no de agosto.<\/p>\n<p>Debido ao l\u00edmite do n\u00famero de prazas, aplicarase a seguinte ORDE DE PRIORIDADE para a admisi\u00f3n de participantes:<\/p>\n<p>\u2022 Nenas\/os empadroadas\/os no concello e con matr\u00edcula no CEIP Pedro Antonio Cervi\u00f1o<br \/>\n\u2022 Nenas\/os empadroados\/as no Concello<br \/>\n\u2022 Alumnado do CEIP Pedro Antonio Cervi\u00f1o<br \/>\n\u2022 Se o n\u00famero de prazas demandadas supera ao das ofertadas, ter\u00e1n prioridade as nenas e nenos de menor idade con respecto aos de maior idade.<\/p>\n<p>Unha vez, aplicados todos estes criterios polo orde establecido, se quedaran prazas dispo\u00f1ibles, ter\u00e1n prioridade:<\/p>\n<p>\u2022 As familias monoparentais que traballen no concello.<br \/>\n\u2022 Resto de familias que, ao menos, un dos proxenitores traballen no concello.<br \/>\n\u2022 Por \u00faltimo, a data de solicitude.<\/p>\n<p><strong>D\u00c9BESE APORTAR FOTOGRAF\u00cdA DO\/DA PARTICIPANTE.<\/strong><\/p>\n<p>Para m\u00e1is informaci\u00f3n, dirixirse \u00e1s oficinas municipais do Concello de Campo Lameiro.<\/p>\n<p><strong>SOLICITUDE:<\/strong><\/p>\n<p><a href=\"https:\/\/campolameiro.org\/wp-content\/uploads\/2024\/05\/Solicitude-Concilia-2024.pdf\">Solicitude Concilia 2024<\/a><\/p>\n<p><strong>DECLARACI\u00d3N XURADA:<\/strong><br \/>\n<a href=\"https:\/\/campolameiro.org\/wp-content\/uploads\/2024\/05\/Declaracion-xurada-sobre-situacion-laboral.pdf\">Declaracio\u0301n xurada sobre situacio\u0301n laboral<\/a><\/p>\n","protected":false},"excerpt":{"rendered":"<p>O Concello de Campo Lameiro, en colaboraci\u00f3n coa Deputaci\u00f3n de Pontevedra, abre o prazo ata o m\u00e9rcores 12 de xu\u00f1o para anotar aos nenos e nenas menores de 3 anos, que asistiran ao colexio, ata os 12 anos que queiran participar durante os meses de xullo e agosto no Programa Concilia+, con actividades de lecer [&hellip;]<\/p>\n","protected":false},"author":8,"featured_media":6704,"comment_status":"closed","ping_status":"closed","sticky":false,"template":"","format":"standard","meta":{"footnotes":""},"categories":[57],"tags":[],"aioseo_notices":[],"_links":{"self":[{"href":"https:\/\/campolameiro.org\/es\/wp-json\/wp\/v2\/posts\/6690"}],"collection":[{"href":"https:\/\/campolameiro.org\/es\/wp-json\/wp\/v2\/posts"}],"about":[{"href":"https:\/\/campolameiro.org\/es\/wp-json\/wp\/v2\/types\/post"}],"author":[{"embeddable":true,"href":"https:\/\/campolameiro.org\/es\/wp-json\/wp\/v2\/users\/8"}],"replies":[{"embeddable":true,"href":"https:\/\/campolameiro.org\/es\/wp-json\/wp\/v2\/comments?post=6690"}],"version-history":[{"count":3,"href":"https:\/\/campolameiro.org\/es\/wp-json\/wp\/v2\/posts\/6690\/revisions"}],"predecessor-version":[{"id":6706,"href":"https:\/\/campolameiro.org\/es\/wp-json\/wp\/v2\/posts\/6690\/revisions\/6706"}],"wp:featuredmedia":[{"embeddable":true,"href":"https:\/\/campolameiro.org\/es\/wp-json\/wp\/v2\/media\/6704"}],"wp:attachment":[{"href":"https:\/\/campolameiro.org\/es\/wp-json\/wp\/v2\/media?parent=6690"}],"wp:term":[{"taxonomy":"category","embeddable":true,"href":"https:\/\/campolameiro.org\/es\/wp-json\/wp\/v2\/categories?post=6690"},{"taxonomy":"post_tag","embeddable":true,"href":"https:\/\/campolameiro.org\/es\/wp-json\/wp\/v2\/tags?post=6690"}],"curies":[{"name":"wp","href":"https:\/\/api.w.org\/{rel}","templated":true}]}}