{"id":6653,"date":"2024-02-15T18:05:39","date_gmt":"2024-02-15T17:05:39","guid":{"rendered":"https:\/\/campolameiro.org\/?p=6653"},"modified":"2024-02-15T18:05:39","modified_gmt":"2024-02-15T17:05:39","slug":"o-auditorio-sobrino-buhigas-acollera-o-vindeiro-sabado-2-de-marzo-de-10-a-14-horas-e-de-16-a-20-horas-un-curso-de-autodefensa-para-mulleres-ante-situacions-violentas","status":"publish","type":"post","link":"https:\/\/campolameiro.org\/es\/o-auditorio-sobrino-buhigas-acollera-o-vindeiro-sabado-2-de-marzo-de-10-a-14-horas-e-de-16-a-20-horas-un-curso-de-autodefensa-para-mulleres-ante-situacions-violentas\/","title":{"rendered":"O AUDITORIO SOBRINO BUHIGAS ACOLLER\u00c1 O VINDEIRO S\u00c1BADO 2 DE MARZO, DE 10 A 14 HORAS E DE 16 A 20 HORAS, UN CURSO DE AUTODEFENSA PARA MULLERES ANTE SITUACI\u00d3NS VIOLENTAS"},"content":{"rendered":"<p>O Concello de Campo Lameiro acoller\u00e1 un curso de autodefensa para mulleres ante situaci\u00f3ns violentas organizado pola Secretar\u00eda Xeral de Igualdade da Xunta de Galicia, o vindeiro S\u00c1BADO 3 DE MARZO de 10 a 14 horas e de 16 a 20 horas, monitorizado por especialistas da Federaci\u00f3n Galega de Loita e pertencentes \u00e1s Forzas e Corpos de Seguridade do Estado.<\/p>\n<p>Dende a Conseller\u00eda de Promoci\u00f3n de Emprego e Igualdade, a trav\u00e9s da Secretar\u00eda Xeral da Igualdade, no marco do Acordo de Colaboraci\u00f3n asinado entre este departamento e a Federaci\u00f3n galega de Municipios e Provincias de Galicia (FEGAMP) para a conformaci\u00f3n dunha Rede de entidades locais contra a violencia de x\u00e9nero, o Concello de Campo Lameiro foi seleccionado para desenvolver a actividade: \u201cPrevenci\u00f3n de situaci\u00f3ns de violencia de x\u00e9nero: curso de defensa persoal e autocapacidades\u201d. (Grupo m\u00ednimo 7 mulleres cunha condici\u00f3n f\u00edsica normal). Curso de adestramento f\u00edsico e ps\u00edquico para crear protocolos de actuaci\u00f3n cara diversas situaci\u00f3ns de violencia de x\u00e9nero. O curso impartirase por monitores e monitoras especialistas en defensa persoal e integrantes da Federaci\u00f3n Galega de Loita.<\/p>\n<p>M\u00e1is informaci\u00f3n nas oficinas do Concello de Campo Lameiro.<\/p>\n","protected":false},"excerpt":{"rendered":"<p>O Concello de Campo Lameiro acoller\u00e1 un curso de autodefensa para mulleres ante situaci\u00f3ns violentas organizado pola Secretar\u00eda Xeral de Igualdade da Xunta de Galicia, o vindeiro S\u00c1BADO 3 DE MARZO de 10 a 14 horas e de 16 a 20 horas, monitorizado por especialistas da Federaci\u00f3n Galega de Loita e pertencentes \u00e1s Forzas e [&hellip;]<\/p>\n","protected":false},"author":8,"featured_media":6654,"comment_status":"closed","ping_status":"closed","sticky":false,"template":"","format":"standard","meta":{"footnotes":""},"categories":[57],"tags":[],"aioseo_notices":[],"_links":{"self":[{"href":"https:\/\/campolameiro.org\/es\/wp-json\/wp\/v2\/posts\/6653"}],"collection":[{"href":"https:\/\/campolameiro.org\/es\/wp-json\/wp\/v2\/posts"}],"about":[{"href":"https:\/\/campolameiro.org\/es\/wp-json\/wp\/v2\/types\/post"}],"author":[{"embeddable":true,"href":"https:\/\/campolameiro.org\/es\/wp-json\/wp\/v2\/users\/8"}],"replies":[{"embeddable":true,"href":"https:\/\/campolameiro.org\/es\/wp-json\/wp\/v2\/comments?post=6653"}],"version-history":[{"count":1,"href":"https:\/\/campolameiro.org\/es\/wp-json\/wp\/v2\/posts\/6653\/revisions"}],"predecessor-version":[{"id":6656,"href":"https:\/\/campolameiro.org\/es\/wp-json\/wp\/v2\/posts\/6653\/revisions\/6656"}],"wp:featuredmedia":[{"embeddable":true,"href":"https:\/\/campolameiro.org\/es\/wp-json\/wp\/v2\/media\/6654"}],"wp:attachment":[{"href":"https:\/\/campolameiro.org\/es\/wp-json\/wp\/v2\/media?parent=6653"}],"wp:term":[{"taxonomy":"category","embeddable":true,"href":"https:\/\/campolameiro.org\/es\/wp-json\/wp\/v2\/categories?post=6653"},{"taxonomy":"post_tag","embeddable":true,"href":"https:\/\/campolameiro.org\/es\/wp-json\/wp\/v2\/tags?post=6653"}],"curies":[{"name":"wp","href":"https:\/\/api.w.org\/{rel}","templated":true}]}}