{"id":6631,"date":"2024-01-08T14:15:54","date_gmt":"2024-01-08T13:15:54","guid":{"rendered":"https:\/\/campolameiro.org\/?p=6631"},"modified":"2024-01-08T14:15:54","modified_gmt":"2024-01-08T13:15:54","slug":"non-te-esquezas-de-que-esta-aberto-o-prazo-para-solicitar-unha-praza-no-programa-de-termalismo-do-imserso","status":"publish","type":"post","link":"https:\/\/campolameiro.org\/es\/non-te-esquezas-de-que-esta-aberto-o-prazo-para-solicitar-unha-praza-no-programa-de-termalismo-do-imserso\/","title":{"rendered":"NON TE ESQUEZAS DE QUE EST\u00c1 ABERTO O PRAZO PARA SOLICITAR UNHA PRAZA NO PROGRAMA DE TERMALISMO DO IMSERSO"},"content":{"rendered":"<p class=\"p3\">O IMSERSO convoca o Programa de Termalismo, consiste en aloxamento e manutenci\u00f3n completa en habitaci\u00f3ns dobres de uso compartido, durante 12 d\u00edas (11 noites) ou de 10 d\u00edas (9 noites) cada un . Incl\u00fae: Tratamentos termais b\u00e1sicos, Actividades de ocio e tempo libre ofertados gratuitamente polo balneario \u00e9 P\u00f3liza colectiva de seguro tur\u00edstico .<\/p>\n<p class=\"p3\">\uf0b7PODEN PARTICIPAR:<\/p>\n<p class=\"p3\">-Pensionistas da Seguridade Social de incapacidade ou xubilaci\u00f3n.<\/p>\n<p class=\"p3\">-Pensionistas de viudedade a partir dos 55 anos.<\/p>\n<p class=\"p3\">-Pensionistas por outros conceptos ou perceptor de prestaci\u00f3ns ou subsidios de desemprego, a partir dos 60 anos.<\/p>\n<p class=\"p3\">-Asegurados ou beneficiarios da Seguridade Social, a partir dos 65 anos.<\/p>\n<p class=\"p3\">-C\u00f3nxuxes das persoas anteriores ou fillos con discapacidade, en grao igual ou superior ao 45%.<\/p>\n<p class=\"p3\">\uf0b7DOCUMENTACI\u00d3N:<\/p>\n<p class=\"p3\">Para encher a solicitude deber\u00e1n achegar, DNI e a Acreditaci\u00f3n da pensi\u00f3n e Copia do libro de familia numerosa, no seu caso.<\/p>\n<p class=\"p3\">\uf0b7PRAZOS:<\/p>\n<p class=\"p3\">1.\u00ba Para as quendas dos meses de febreiro a agosto, ambos inclusive: ata o d\u00eda 10 de xaneiro de 2024.<\/p>\n<p class=\"p3\">2.\u00ba Para as quendas dos meses de setembro a decembro: ata o d\u00eda 15 de maio de 2024.<\/p>\n<p class=\"p3\">\uf0b7INFORMACI\u00d3N E SOLICITUDES:<\/p>\n<p class=\"p3\">Nos servizos sociais do Concello os luns, m\u00e9rcores e venres.<\/p>\n","protected":false},"excerpt":{"rendered":"<p>O IMSERSO convoca o Programa de Termalismo, consiste en aloxamento e manutenci\u00f3n completa en habitaci\u00f3ns dobres de uso compartido, durante 12 d\u00edas (11 noites) ou de 10 d\u00edas (9 noites) cada un . Incl\u00fae: Tratamentos termais b\u00e1sicos, Actividades de ocio e tempo libre ofertados gratuitamente polo balneario \u00e9 P\u00f3liza colectiva de seguro tur\u00edstico . \uf0b7PODEN [&hellip;]<\/p>\n","protected":false},"author":8,"featured_media":6632,"comment_status":"closed","ping_status":"closed","sticky":false,"template":"","format":"standard","meta":{"footnotes":""},"categories":[57],"tags":[],"aioseo_notices":[],"_links":{"self":[{"href":"https:\/\/campolameiro.org\/es\/wp-json\/wp\/v2\/posts\/6631"}],"collection":[{"href":"https:\/\/campolameiro.org\/es\/wp-json\/wp\/v2\/posts"}],"about":[{"href":"https:\/\/campolameiro.org\/es\/wp-json\/wp\/v2\/types\/post"}],"author":[{"embeddable":true,"href":"https:\/\/campolameiro.org\/es\/wp-json\/wp\/v2\/users\/8"}],"replies":[{"embeddable":true,"href":"https:\/\/campolameiro.org\/es\/wp-json\/wp\/v2\/comments?post=6631"}],"version-history":[{"count":1,"href":"https:\/\/campolameiro.org\/es\/wp-json\/wp\/v2\/posts\/6631\/revisions"}],"predecessor-version":[{"id":6634,"href":"https:\/\/campolameiro.org\/es\/wp-json\/wp\/v2\/posts\/6631\/revisions\/6634"}],"wp:featuredmedia":[{"embeddable":true,"href":"https:\/\/campolameiro.org\/es\/wp-json\/wp\/v2\/media\/6632"}],"wp:attachment":[{"href":"https:\/\/campolameiro.org\/es\/wp-json\/wp\/v2\/media?parent=6631"}],"wp:term":[{"taxonomy":"category","embeddable":true,"href":"https:\/\/campolameiro.org\/es\/wp-json\/wp\/v2\/categories?post=6631"},{"taxonomy":"post_tag","embeddable":true,"href":"https:\/\/campolameiro.org\/es\/wp-json\/wp\/v2\/tags?post=6631"}],"curies":[{"name":"wp","href":"https:\/\/api.w.org\/{rel}","templated":true}]}}