{"id":6619,"date":"2023-12-04T13:16:10","date_gmt":"2023-12-04T12:16:10","guid":{"rendered":"https:\/\/campolameiro.org\/?p=6619"},"modified":"2023-12-07T13:21:20","modified_gmt":"2023-12-07T12:21:20","slug":"o-pleno-da-corporacion-municipal-do-concello-de-campo-lameiro-acorda-a-modificacion-de-credito-con-cargo-ao-remanente-liquido-de-tesoureria","status":"publish","type":"post","link":"https:\/\/campolameiro.org\/es\/o-pleno-da-corporacion-municipal-do-concello-de-campo-lameiro-acorda-a-modificacion-de-credito-con-cargo-ao-remanente-liquido-de-tesoureria\/","title":{"rendered":"O PLENO DA CORPORACI\u00d3N MUNICIPAL DO CONCELLO DE CAMPO LAMEIRO ACORDA A MODIFICACI\u00d3N DE CR\u00c9DITO CON CARGO AO REMANENTE L\u00cdQUIDO DE TESOURER\u00cdA"},"content":{"rendered":"<p>Acordo do Pleno de data 01-12-2023 da entidade de Campo Lameiro polo que se aproba inicialmente o expediente de modificaci\u00f3n de cr\u00e9ditos n. 0 3\/2023 do Orzamento en vigor, na modalidade de suplemento de cr\u00e9dito financiado con cargo ao remanente l\u00edquido de tesourer\u00eda.<\/p>\n<p>O Pleno desta entidade, en sesi\u00f3n extraordinaria celebrada o d\u00eda 01-12-2023, acordou a aprobaci\u00f3n inicial do expediente de modificaci\u00f3n de cr\u00e9ditos n. 0 3\/2023 (na modalidade de suplemento de cr\u00e9dito) financiado con cargo a o remanente l\u00edquido de tesourer\u00eda.<\/p>\n<p>Aprobado inicialmente o expediente de modificaci\u00f3ns de cr\u00e9dito n.\u00ba 3\/2023 (modalidade de suplemento de cr\u00e9dito) financiado con cargo a o remanente l\u00edquido de tesourer\u00eda, por Acordo do Pleno de data 01-12-2023, en cumprimento do disposto no artigo 169.1 por remisi\u00f3n do 177.2 do Texto Refundido da Lei Reguladora das Facendas Locais, aprobado por Real Decreto Lexislativo 2\/2004, de 5 de marzo, som\u00e9tese a informaci\u00f3n p\u00fablica polo prazo de quince d\u00edas, a contar desde o d\u00eda seguinte ao de publicaci\u00f3n do presente anuncio en leste Bolet\u00edn Oficial da Provincia.<\/p>\n<p>Durante o devandito prazo poder\u00e1 ser examinado por calquera persoa interesada nas dependencias municipais para que se formulen as alegaci\u00f3ns que se estimen pertinentes. As\u00ed mesmo, estar\u00e1 a disposici\u00f3n das persoas interesadas na sede electr\u00f3nica desta entidade [http:\/\/campolameiro.sedelectronica.gal]. Se transcorrido o devandito prazo non se presentaron alegaci\u00f3ns, considerarase aprobado definitivamente o devandito Acordo.<\/p>\n<p><a href=\"https:\/\/campolameiro.org\/wp-content\/uploads\/2023\/12\/ANUNCIO-MODIFICACION-DE-CREDITOS.pdf\">ANUNCIO MODIFICACIO\u0301N DE CRE\u0301DITOS<\/a><\/p>\n","protected":false},"excerpt":{"rendered":"<p>Acordo do Pleno de data 01-12-2023 da entidade de Campo Lameiro polo que se aproba inicialmente o expediente de modificaci\u00f3n de cr\u00e9ditos n. 0 3\/2023 do Orzamento en vigor, na modalidade de suplemento de cr\u00e9dito financiado con cargo ao remanente l\u00edquido de tesourer\u00eda. O Pleno desta entidade, en sesi\u00f3n extraordinaria celebrada o d\u00eda 01-12-2023, acordou [&hellip;]<\/p>\n","protected":false},"author":8,"featured_media":6622,"comment_status":"closed","ping_status":"closed","sticky":false,"template":"","format":"standard","meta":{"footnotes":""},"categories":[57],"tags":[],"aioseo_notices":[],"_links":{"self":[{"href":"https:\/\/campolameiro.org\/es\/wp-json\/wp\/v2\/posts\/6619"}],"collection":[{"href":"https:\/\/campolameiro.org\/es\/wp-json\/wp\/v2\/posts"}],"about":[{"href":"https:\/\/campolameiro.org\/es\/wp-json\/wp\/v2\/types\/post"}],"author":[{"embeddable":true,"href":"https:\/\/campolameiro.org\/es\/wp-json\/wp\/v2\/users\/8"}],"replies":[{"embeddable":true,"href":"https:\/\/campolameiro.org\/es\/wp-json\/wp\/v2\/comments?post=6619"}],"version-history":[{"count":1,"href":"https:\/\/campolameiro.org\/es\/wp-json\/wp\/v2\/posts\/6619\/revisions"}],"predecessor-version":[{"id":6624,"href":"https:\/\/campolameiro.org\/es\/wp-json\/wp\/v2\/posts\/6619\/revisions\/6624"}],"wp:featuredmedia":[{"embeddable":true,"href":"https:\/\/campolameiro.org\/es\/wp-json\/wp\/v2\/media\/6622"}],"wp:attachment":[{"href":"https:\/\/campolameiro.org\/es\/wp-json\/wp\/v2\/media?parent=6619"}],"wp:term":[{"taxonomy":"category","embeddable":true,"href":"https:\/\/campolameiro.org\/es\/wp-json\/wp\/v2\/categories?post=6619"},{"taxonomy":"post_tag","embeddable":true,"href":"https:\/\/campolameiro.org\/es\/wp-json\/wp\/v2\/tags?post=6619"}],"curies":[{"name":"wp","href":"https:\/\/api.w.org\/{rel}","templated":true}]}}