{"id":6581,"date":"2023-10-16T23:25:43","date_gmt":"2023-10-16T21:25:43","guid":{"rendered":"https:\/\/campolameiro.org\/?p=6581"},"modified":"2023-10-16T23:25:43","modified_gmt":"2023-10-16T21:25:43","slug":"o-concello-de-campo-lameiro-programa-a-visita-dunha-unidade-mobil-de-vehiculos-agricolas-para-os-dias-15-e-16-de-novembro-na-rua-nova","status":"publish","type":"post","link":"https:\/\/campolameiro.org\/es\/o-concello-de-campo-lameiro-programa-a-visita-dunha-unidade-mobil-de-vehiculos-agricolas-para-os-dias-15-e-16-de-novembro-na-rua-nova\/","title":{"rendered":"O CONCELLO DE CAMPO LAMEIRO PROGRAMA A VISITA DUNHA UNIDADE M\u00d3BIL DE VEH\u00cdCULOS AGR\u00cdCOLAS PARA OS D\u00cdAS 15 E 16 DE NOVEMBRO NA R\u00daA NOVA"},"content":{"rendered":"<p>Tractores e veh\u00edculos agr\u00edcolas de Campo Lameiro e municipios lim\u00edtrofes poder\u00e1n ser examinados na Unidade M\u00f3bil de Inspecci\u00f3n T\u00e9cnica de Veh\u00edculos Agr\u00edcolas instalada durante todo o d\u00eda do M\u00c9RCORES 15 de NOVEMBRO (de 9 a 13:30 horas e de 15:15 a 18 horas) e XOVES 16 de NOVEMBRO (de 9 a 13:30 horas) na R\u00faa Nova (entre R\u00faa Codeseda e Chanci\u00f1a).<\/p>\n<p>Para poder pasa-los controis t\u00e9cnicos que realizar\u00e1 a empresa concesionaria de Inspecci\u00f3n T\u00e9cnica de Veh\u00edculos, Supervisi\u00f3n e Control, deber\u00e1n solicitar cita previa chamando ao tel\u00e9fono 902 30 90 00 ou a trav\u00e9s de internet na web www.sycitv.com.<\/p>\n<p>Os procesos de inspecci\u00f3n centr\u00e1ronse, fundamentalmente, en comprobar o estado dos freos e da direcci\u00f3n, as\u00ed como outros puntos vitais na seguridade destas m\u00e1quinas de uso agropecuario.<\/p>\n<p>A revisi\u00f3n realizada por esta ITV m\u00f3bil ten a mesma validez que calquera outra permanente existente en Galicia e o feito de que se instale en Campo Lameiro permitir\u00e1 aos propietarios de veh\u00edculos agr\u00edcolas do municipio e doutros lindeiros poidan pasar a correspondente revisi\u00f3n con total comodidade ao non ter que desprazarse \u00e1s existentes en Ponte Bora ou Curro, entre outras.<\/p>\n<p>A revisi\u00f3n peri\u00f3dica destes veh\u00edculos agr\u00edcolas \u00e9 obrigatoria e, ao mesmo tempo, \u00e9 unha medida preventiva que mellora a seguridade dos usuarios destas m\u00e1quinas que, por desgraza, son obxecto de continuos accidentes no mundo rural. Asi, poder\u00e1n facer uso deste servizo os tractores agr\u00edcolas, maquinaria autopropulsada, remolques agr\u00edcolas e outros veh\u00edculos agr\u00edcolas especiais, excepto motocultores e m\u00e1quinas equiparadas.<\/p>\n<p>A frecuencia obrigatoria para pasar a ITV est\u00e1 establecida do seguinte xeito: ata 8 anos, exento; de 8 a 16 anos, deben facela bianualmente e de m\u00e1is de 16 anos cada anualidade.<br \/>\nEstas unidades m\u00f3biles percorren as principais comarcas da provincia de Pontevedra sendo moi demandadas en zonas, como O Deza e O Saln\u00e9s debido \u00e1 presenza de gran cantidade de maquinaria agr\u00edcola susceptible de ser supervisada periodicamente por inspectores da ITV.<\/p>\n","protected":false},"excerpt":{"rendered":"<p>Tractores e veh\u00edculos agr\u00edcolas de Campo Lameiro e municipios lim\u00edtrofes poder\u00e1n ser examinados na Unidade M\u00f3bil de Inspecci\u00f3n T\u00e9cnica de Veh\u00edculos Agr\u00edcolas instalada durante todo o d\u00eda do M\u00c9RCORES 15 de NOVEMBRO (de 9 a 13:30 horas e de 15:15 a 18 horas) e XOVES 16 de NOVEMBRO (de 9 a 13:30 horas) na R\u00faa [&hellip;]<\/p>\n","protected":false},"author":8,"featured_media":6582,"comment_status":"closed","ping_status":"closed","sticky":false,"template":"","format":"standard","meta":{"footnotes":""},"categories":[57],"tags":[],"aioseo_notices":[],"_links":{"self":[{"href":"https:\/\/campolameiro.org\/es\/wp-json\/wp\/v2\/posts\/6581"}],"collection":[{"href":"https:\/\/campolameiro.org\/es\/wp-json\/wp\/v2\/posts"}],"about":[{"href":"https:\/\/campolameiro.org\/es\/wp-json\/wp\/v2\/types\/post"}],"author":[{"embeddable":true,"href":"https:\/\/campolameiro.org\/es\/wp-json\/wp\/v2\/users\/8"}],"replies":[{"embeddable":true,"href":"https:\/\/campolameiro.org\/es\/wp-json\/wp\/v2\/comments?post=6581"}],"version-history":[{"count":1,"href":"https:\/\/campolameiro.org\/es\/wp-json\/wp\/v2\/posts\/6581\/revisions"}],"predecessor-version":[{"id":6584,"href":"https:\/\/campolameiro.org\/es\/wp-json\/wp\/v2\/posts\/6581\/revisions\/6584"}],"wp:featuredmedia":[{"embeddable":true,"href":"https:\/\/campolameiro.org\/es\/wp-json\/wp\/v2\/media\/6582"}],"wp:attachment":[{"href":"https:\/\/campolameiro.org\/es\/wp-json\/wp\/v2\/media?parent=6581"}],"wp:term":[{"taxonomy":"category","embeddable":true,"href":"https:\/\/campolameiro.org\/es\/wp-json\/wp\/v2\/categories?post=6581"},{"taxonomy":"post_tag","embeddable":true,"href":"https:\/\/campolameiro.org\/es\/wp-json\/wp\/v2\/tags?post=6581"}],"curies":[{"name":"wp","href":"https:\/\/api.w.org\/{rel}","templated":true}]}}