{"id":6384,"date":"2023-03-22T19:35:40","date_gmt":"2023-03-22T18:35:40","guid":{"rendered":"https:\/\/campolameiro.org\/?p=6384"},"modified":"2023-03-22T19:35:40","modified_gmt":"2023-03-22T18:35:40","slug":"a-corporacion-decide-por-unanimidade-declarar-a-campo-lameiro-como-concello-libre-de-eolicos","status":"publish","type":"post","link":"https:\/\/campolameiro.org\/es\/a-corporacion-decide-por-unanimidade-declarar-a-campo-lameiro-como-concello-libre-de-eolicos\/","title":{"rendered":"A CORPORACI\u00d3N DECIDE POR UNANIMIDADE DECLARAR A CAMPO LAMEIRO COMO CONCELLO LIBRE DE E\u00d3LICOS"},"content":{"rendered":"<p>A Corporaci\u00f3n Municipal en sesi\u00f3n extraordinaria decidiu por unanimidade dos concelleiros presentes aprobar unha declaraci\u00f3n na que se declara a Campo Lameiro como \u201cconcello libre de e\u00f3licos\u201d como medida de rexeitamento \u00e1 proliferaci\u00f3n de proxectos industriais que afectan directa ou indirectamente a este municipio.<\/p>\n<p>O Pleno Extraordinario, que contou coa presenza de veci\u00f1os das parroquias afectadas polos proxectos e\u00f3licos, iniciouse coa lectura por parte deles de varios escritos non que defend\u00edan a necesidade de preservar os montes e o xeito de vida do municipio fronte \u00e1 implantaci\u00f3n dos grandes mui\u00f1os de vento.<\/p>\n<p>A sesi\u00f3n plenaria converteuse nunha sesi\u00f3n informativa dos procedementos a seguir para fortalecer as medidas de oposici\u00f3n contra os aeroxeradores e as s\u00faas li\u00f1as de derivaci\u00f3n grazas \u00e1 presenza dun t\u00e9cnicos medioambiental da empresa Tysgal, contratada polo Concello para presentar as alegaci\u00f3ns en contra dos distintos parques e\u00f3licos que afectan ao municipio.<\/p>\n<p>Nesta mesma li\u00f1a os representantes municipais do PPdeG, Porvir e PSdeG-PSOE decidiron tam\u00e9n por unanimidade solicitar \u00e1 Xunta a realizaci\u00f3n de prospecci\u00f3ns arqueol\u00f3xicas na \u00e1reas poligonais onde se pretenden instalar proxectos e\u00f3licos co fin de determinar a afecci\u00f3n real que estas iniciativas empresariais ter\u00edan sobre o patrimonio prehist\u00f3rico do municipio que o convirten en Capital Galega de Arte Rupestre e poder paralizar de xeito definitivo o seu desenrolo.<\/p>\n<p>Por outra banda, os concelleiros das tres formaci\u00f3ns pol\u00edticas con representaci\u00f3n na Corporaci\u00f3n Municipal expresaron o seu desexo de unir esforzos para opo\u00f1erse \u00e1 instalaci\u00f3n destes proxectos e\u00f3licos e recollendo a proposta dalg\u00fan dos veci\u00f1os presentes compromet\u00e9ronse a manter contactos con outros concellos afectados e promover actuaci\u00f3ns conxuntas tendentes a fortalecer o posicionamento contrario \u00e1 implantaci\u00f3n deses parques e\u00f3licos.<\/p>\n<p>Ante a necesidade de que a informaci\u00f3n chegue ao maior n\u00famero de persoas e non so \u00e1s comunidades de montes afectadas, acordouse tam\u00e9n realizar unha charla informativa no Auditorio, pendente de data, a coordinar coa empresa Tysgal quen aproveitar\u00eda estas reuni\u00f3ns para presentar as principais alegaci\u00f3ns en contra que o Concello realizar\u00e1 aos distintos proxectos e que brinda \u00e1 veci\u00f1anza para que as presente de xeito individual ou colectivo.<\/p>\n<p>No transcurso do Pleno repart\u00edronse fotocopias entre os presentes con alegaci\u00f3ns tipo que poder\u00edan servir de base para presentar no rexistro de calquera Concello de Galicia para a s\u00faa tramitaci\u00f3n.<\/p>\n<p>Rematou o Pleno escenificando a uni\u00f3n de todo o pobo de Campo Lameiro, a trav\u00e9s dos seus representantes municipais e a veci\u00f1anza cun desexo de preservar para as xeraci\u00f3ns futuras o importante patrimonio arqueol\u00f3xico e natural do que disp\u00f3n o municipio e coordinar acci\u00f3ns de todo tipo para facer m\u00e1is eficiente a oposici\u00f3n \u00e1 instalaci\u00f3n dos parques e\u00f3licos.<\/p>\n<p><img loading=\"lazy\" decoding=\"async\" class=\"alignnone size-medium wp-image-6385\" src=\"https:\/\/campolameiro.org\/wp-content\/uploads\/2023\/03\/fdc6484d-451f-40db-b272-6749f9dc60e2-300x200.jpg\" alt=\"\" width=\"300\" height=\"200\" srcset=\"https:\/\/campolameiro.org\/wp-content\/uploads\/2023\/03\/fdc6484d-451f-40db-b272-6749f9dc60e2-300x200.jpg 300w, https:\/\/campolameiro.org\/wp-content\/uploads\/2023\/03\/fdc6484d-451f-40db-b272-6749f9dc60e2-1024x682.jpg 1024w, https:\/\/campolameiro.org\/wp-content\/uploads\/2023\/03\/fdc6484d-451f-40db-b272-6749f9dc60e2-768x512.jpg 768w, https:\/\/campolameiro.org\/wp-content\/uploads\/2023\/03\/fdc6484d-451f-40db-b272-6749f9dc60e2-1536x1023.jpg 1536w, https:\/\/campolameiro.org\/wp-content\/uploads\/2023\/03\/fdc6484d-451f-40db-b272-6749f9dc60e2.jpg 1600w\" sizes=\"(max-width: 300px) 100vw, 300px\" \/><img loading=\"lazy\" decoding=\"async\" class=\"alignnone size-medium wp-image-6387\" src=\"https:\/\/campolameiro.org\/wp-content\/uploads\/2023\/03\/e21e4db7-fa6f-476c-a9f0-c512cf5bbb65-300x200.jpg\" alt=\"\" width=\"300\" height=\"200\" srcset=\"https:\/\/campolameiro.org\/wp-content\/uploads\/2023\/03\/e21e4db7-fa6f-476c-a9f0-c512cf5bbb65-300x200.jpg 300w, https:\/\/campolameiro.org\/wp-content\/uploads\/2023\/03\/e21e4db7-fa6f-476c-a9f0-c512cf5bbb65-1024x682.jpg 1024w, https:\/\/campolameiro.org\/wp-content\/uploads\/2023\/03\/e21e4db7-fa6f-476c-a9f0-c512cf5bbb65-768x512.jpg 768w, https:\/\/campolameiro.org\/wp-content\/uploads\/2023\/03\/e21e4db7-fa6f-476c-a9f0-c512cf5bbb65-1536x1023.jpg 1536w, https:\/\/campolameiro.org\/wp-content\/uploads\/2023\/03\/e21e4db7-fa6f-476c-a9f0-c512cf5bbb65.jpg 1600w\" sizes=\"(max-width: 300px) 100vw, 300px\" \/><img loading=\"lazy\" decoding=\"async\" class=\"alignnone size-medium wp-image-6389\" src=\"https:\/\/campolameiro.org\/wp-content\/uploads\/2023\/03\/0cc4ab92-5027-4704-8025-2e131b855754-300x200.jpg\" alt=\"\" width=\"300\" height=\"200\" srcset=\"https:\/\/campolameiro.org\/wp-content\/uploads\/2023\/03\/0cc4ab92-5027-4704-8025-2e131b855754-300x200.jpg 300w, https:\/\/campolameiro.org\/wp-content\/uploads\/2023\/03\/0cc4ab92-5027-4704-8025-2e131b855754-1024x682.jpg 1024w, https:\/\/campolameiro.org\/wp-content\/uploads\/2023\/03\/0cc4ab92-5027-4704-8025-2e131b855754-768x512.jpg 768w, https:\/\/campolameiro.org\/wp-content\/uploads\/2023\/03\/0cc4ab92-5027-4704-8025-2e131b855754-1536x1023.jpg 1536w, https:\/\/campolameiro.org\/wp-content\/uploads\/2023\/03\/0cc4ab92-5027-4704-8025-2e131b855754.jpg 1600w\" sizes=\"(max-width: 300px) 100vw, 300px\" \/><img loading=\"lazy\" decoding=\"async\" class=\"alignnone size-medium wp-image-6391\" src=\"https:\/\/campolameiro.org\/wp-content\/uploads\/2023\/03\/4ee5971b-eddd-4cdb-8512-abdf585ecc6a-300x200.jpg\" alt=\"\" width=\"300\" height=\"200\" srcset=\"https:\/\/campolameiro.org\/wp-content\/uploads\/2023\/03\/4ee5971b-eddd-4cdb-8512-abdf585ecc6a-300x200.jpg 300w, https:\/\/campolameiro.org\/wp-content\/uploads\/2023\/03\/4ee5971b-eddd-4cdb-8512-abdf585ecc6a-1024x682.jpg 1024w, https:\/\/campolameiro.org\/wp-content\/uploads\/2023\/03\/4ee5971b-eddd-4cdb-8512-abdf585ecc6a-768x512.jpg 768w, https:\/\/campolameiro.org\/wp-content\/uploads\/2023\/03\/4ee5971b-eddd-4cdb-8512-abdf585ecc6a-1536x1023.jpg 1536w, https:\/\/campolameiro.org\/wp-content\/uploads\/2023\/03\/4ee5971b-eddd-4cdb-8512-abdf585ecc6a.jpg 1600w\" sizes=\"(max-width: 300px) 100vw, 300px\" \/><img loading=\"lazy\" decoding=\"async\" class=\"alignnone size-medium wp-image-6393\" src=\"https:\/\/campolameiro.org\/wp-content\/uploads\/2023\/03\/06db3a69-e3cb-4485-980b-10b5b07ab3ed-300x200.jpg\" alt=\"\" width=\"300\" height=\"200\" srcset=\"https:\/\/campolameiro.org\/wp-content\/uploads\/2023\/03\/06db3a69-e3cb-4485-980b-10b5b07ab3ed-300x200.jpg 300w, https:\/\/campolameiro.org\/wp-content\/uploads\/2023\/03\/06db3a69-e3cb-4485-980b-10b5b07ab3ed-1024x682.jpg 1024w, https:\/\/campolameiro.org\/wp-content\/uploads\/2023\/03\/06db3a69-e3cb-4485-980b-10b5b07ab3ed-768x512.jpg 768w, https:\/\/campolameiro.org\/wp-content\/uploads\/2023\/03\/06db3a69-e3cb-4485-980b-10b5b07ab3ed-1536x1023.jpg 1536w, https:\/\/campolameiro.org\/wp-content\/uploads\/2023\/03\/06db3a69-e3cb-4485-980b-10b5b07ab3ed.jpg 1600w\" sizes=\"(max-width: 300px) 100vw, 300px\" \/><img loading=\"lazy\" decoding=\"async\" class=\"alignnone size-medium wp-image-6395\" src=\"https:\/\/campolameiro.org\/wp-content\/uploads\/2023\/03\/567c06d2-c965-494a-a437-cd4ae2e8e344-300x200.jpg\" alt=\"\" width=\"300\" height=\"200\" srcset=\"https:\/\/campolameiro.org\/wp-content\/uploads\/2023\/03\/567c06d2-c965-494a-a437-cd4ae2e8e344-300x200.jpg 300w, https:\/\/campolameiro.org\/wp-content\/uploads\/2023\/03\/567c06d2-c965-494a-a437-cd4ae2e8e344-1024x682.jpg 1024w, https:\/\/campolameiro.org\/wp-content\/uploads\/2023\/03\/567c06d2-c965-494a-a437-cd4ae2e8e344-768x512.jpg 768w, https:\/\/campolameiro.org\/wp-content\/uploads\/2023\/03\/567c06d2-c965-494a-a437-cd4ae2e8e344-1536x1023.jpg 1536w, https:\/\/campolameiro.org\/wp-content\/uploads\/2023\/03\/567c06d2-c965-494a-a437-cd4ae2e8e344.jpg 1600w\" sizes=\"(max-width: 300px) 100vw, 300px\" \/><img loading=\"lazy\" decoding=\"async\" class=\"alignnone size-medium wp-image-6397\" src=\"https:\/\/campolameiro.org\/wp-content\/uploads\/2023\/03\/10acfcd6-1cf4-4cb0-ab5e-8e83eb5c6669-300x200.jpg\" alt=\"\" width=\"300\" height=\"200\" srcset=\"https:\/\/campolameiro.org\/wp-content\/uploads\/2023\/03\/10acfcd6-1cf4-4cb0-ab5e-8e83eb5c6669-300x200.jpg 300w, https:\/\/campolameiro.org\/wp-content\/uploads\/2023\/03\/10acfcd6-1cf4-4cb0-ab5e-8e83eb5c6669-1024x682.jpg 1024w, https:\/\/campolameiro.org\/wp-content\/uploads\/2023\/03\/10acfcd6-1cf4-4cb0-ab5e-8e83eb5c6669-768x512.jpg 768w, https:\/\/campolameiro.org\/wp-content\/uploads\/2023\/03\/10acfcd6-1cf4-4cb0-ab5e-8e83eb5c6669-1536x1023.jpg 1536w, https:\/\/campolameiro.org\/wp-content\/uploads\/2023\/03\/10acfcd6-1cf4-4cb0-ab5e-8e83eb5c6669.jpg 1600w\" sizes=\"(max-width: 300px) 100vw, 300px\" \/><img loading=\"lazy\" decoding=\"async\" class=\"alignnone size-medium wp-image-6399\" src=\"https:\/\/campolameiro.org\/wp-content\/uploads\/2023\/03\/1533523d-790b-471d-a347-ffb25e212e73-300x200.jpg\" alt=\"\" width=\"300\" height=\"200\" srcset=\"https:\/\/campolameiro.org\/wp-content\/uploads\/2023\/03\/1533523d-790b-471d-a347-ffb25e212e73-300x200.jpg 300w, https:\/\/campolameiro.org\/wp-content\/uploads\/2023\/03\/1533523d-790b-471d-a347-ffb25e212e73-1024x682.jpg 1024w, https:\/\/campolameiro.org\/wp-content\/uploads\/2023\/03\/1533523d-790b-471d-a347-ffb25e212e73-768x512.jpg 768w, https:\/\/campolameiro.org\/wp-content\/uploads\/2023\/03\/1533523d-790b-471d-a347-ffb25e212e73-1536x1023.jpg 1536w, https:\/\/campolameiro.org\/wp-content\/uploads\/2023\/03\/1533523d-790b-471d-a347-ffb25e212e73.jpg 1600w\" sizes=\"(max-width: 300px) 100vw, 300px\" \/><img loading=\"lazy\" decoding=\"async\" class=\"alignnone size-medium wp-image-6401\" src=\"https:\/\/campolameiro.org\/wp-content\/uploads\/2023\/03\/5e202eca-2047-4efc-8505-07d5f8d25e90-300x200.jpg\" alt=\"\" width=\"300\" height=\"200\" srcset=\"https:\/\/campolameiro.org\/wp-content\/uploads\/2023\/03\/5e202eca-2047-4efc-8505-07d5f8d25e90-300x200.jpg 300w, https:\/\/campolameiro.org\/wp-content\/uploads\/2023\/03\/5e202eca-2047-4efc-8505-07d5f8d25e90-1024x682.jpg 1024w, https:\/\/campolameiro.org\/wp-content\/uploads\/2023\/03\/5e202eca-2047-4efc-8505-07d5f8d25e90-768x512.jpg 768w, https:\/\/campolameiro.org\/wp-content\/uploads\/2023\/03\/5e202eca-2047-4efc-8505-07d5f8d25e90-1536x1023.jpg 1536w, https:\/\/campolameiro.org\/wp-content\/uploads\/2023\/03\/5e202eca-2047-4efc-8505-07d5f8d25e90.jpg 1600w\" sizes=\"(max-width: 300px) 100vw, 300px\" \/><\/p>\n","protected":false},"excerpt":{"rendered":"<p>A Corporaci\u00f3n Municipal en sesi\u00f3n extraordinaria decidiu por unanimidade dos concelleiros presentes aprobar unha declaraci\u00f3n na que se declara a Campo Lameiro como \u201cconcello libre de e\u00f3licos\u201d como medida de rexeitamento \u00e1 proliferaci\u00f3n de proxectos industriais que afectan directa ou indirectamente a este municipio. O Pleno Extraordinario, que contou coa presenza de veci\u00f1os das parroquias [&hellip;]<\/p>\n","protected":false},"author":8,"featured_media":6385,"comment_status":"closed","ping_status":"closed","sticky":false,"template":"","format":"standard","meta":{"footnotes":""},"categories":[57],"tags":[],"aioseo_notices":[],"_links":{"self":[{"href":"https:\/\/campolameiro.org\/es\/wp-json\/wp\/v2\/posts\/6384"}],"collection":[{"href":"https:\/\/campolameiro.org\/es\/wp-json\/wp\/v2\/posts"}],"about":[{"href":"https:\/\/campolameiro.org\/es\/wp-json\/wp\/v2\/types\/post"}],"author":[{"embeddable":true,"href":"https:\/\/campolameiro.org\/es\/wp-json\/wp\/v2\/users\/8"}],"replies":[{"embeddable":true,"href":"https:\/\/campolameiro.org\/es\/wp-json\/wp\/v2\/comments?post=6384"}],"version-history":[{"count":1,"href":"https:\/\/campolameiro.org\/es\/wp-json\/wp\/v2\/posts\/6384\/revisions"}],"predecessor-version":[{"id":6403,"href":"https:\/\/campolameiro.org\/es\/wp-json\/wp\/v2\/posts\/6384\/revisions\/6403"}],"wp:featuredmedia":[{"embeddable":true,"href":"https:\/\/campolameiro.org\/es\/wp-json\/wp\/v2\/media\/6385"}],"wp:attachment":[{"href":"https:\/\/campolameiro.org\/es\/wp-json\/wp\/v2\/media?parent=6384"}],"wp:term":[{"taxonomy":"category","embeddable":true,"href":"https:\/\/campolameiro.org\/es\/wp-json\/wp\/v2\/categories?post=6384"},{"taxonomy":"post_tag","embeddable":true,"href":"https:\/\/campolameiro.org\/es\/wp-json\/wp\/v2\/tags?post=6384"}],"curies":[{"name":"wp","href":"https:\/\/api.w.org\/{rel}","templated":true}]}}