{"id":6123,"date":"2022-09-01T13:52:29","date_gmt":"2022-09-01T11:52:29","guid":{"rendered":"https:\/\/campolameiro.org\/?p=6123"},"modified":"2022-09-01T13:52:29","modified_gmt":"2022-09-01T11:52:29","slug":"o-alcalde-de-campo-lameiro-logra-o-compromiso-de-educacion-de-acometer-de-inmediato-obras-de-mellora-e-mantemento-no-colexio-pedro-antonio-cervino","status":"publish","type":"post","link":"https:\/\/campolameiro.org\/es\/o-alcalde-de-campo-lameiro-logra-o-compromiso-de-educacion-de-acometer-de-inmediato-obras-de-mellora-e-mantemento-no-colexio-pedro-antonio-cervino\/","title":{"rendered":"O ALCALDE DE CAMPO LAMEIRO LOGRA O COMPROMISO DE EDUCACI\u00d3N DE ACOMETER DE INMEDIATO OBRAS DE MELLORA E MANTEMENTO NO COLEXIO PEDRO ANTONIO CERVI\u00d1O"},"content":{"rendered":"<p>O alcalde de Campo Lameiro, Carlos Costa, e a concelleira Nieves Boullosa mantiveron unha xuntanza de traballo co xefe territorial da Conseller\u00eda de Cultura, Educaci\u00f3n, Formaci\u00f3n Profesional e Universidades, C\u00e9sar P\u00e9rez Ares, no que abordaron as necesidades de infraestrutura relacionadas co colexio p\u00fablico \u201cPedro Antonio Cervi\u00f1o\u201d da localidade.<\/p>\n<p>Froito desta xuntanza, o alcalde logrou o compromiso da Xefatura Provincial de Educaci\u00f3n de acometer de inmediato unha serie de melloras no centro educativo que van desde o pintado de varias aulas e espazos do edificio ata o arranxo de persianas e xanelas, revisi\u00f3n do sistema de calefacci\u00f3n e substituci\u00f3n de radiadores, etc.<\/p>\n<p>Para elo, na vindeira semana desprazarase ata o centro educativo unha comisi\u00f3n de t\u00e9cnicos encargados de avaliar todas as intervenci\u00f3ns necesarias e ir dando os pasos sucesivos para que se acometan as obras de mellora o m\u00e1is axi\u00f1a posible.<\/p>\n<p>Carlos Costa insistiu diante do xefe territorial da Conseller\u00eda en Pontevedra na necesidade de acometer canto antes este tipo de actuaci\u00f3ns orientadas a mellorar as infraestruturas e a habitabilidade CEIP \u201cPedro Antonio Cervi\u00f1o\u201d xa que presentan diversas deficiencias que deben ser acometidas canto antes.<\/p>\n<p>Segundo manifestou o alcalde, Carlos Costa, \u00e1 sa\u00edda da xuntanza co xefe territorial \u201ca educaci\u00f3n e a formaci\u00f3n dos nosos nenos e nenas \u00e9 para n\u00f3s unha cuesti\u00f3n prioritaria e irrenunciable polo que nos achegamos ata a Delegaci\u00f3n da Xunta en Pontevedra para expo\u00f1er de xeito directo a urxente necesidade de acometer unha serie de intervenci\u00f3ns para mellorar a confortabilidade e mesmo a conservaci\u00f3n deste centro educativo. Cremos que non vai a haber problema xa que atopamos no xefe territorial, C\u00e9sar P\u00e9rez Ares, a m\u00e1xima comprensi\u00f3n e disposici\u00f3n a colaborar para que todas as necesidades que presenta o colexio e que recollimos da direcci\u00f3n do centro se van a ter en conta de xeito sucesivo inmediato\u201d.<\/p>\n<p>\u201cCerto \u00e9 que a Conseller\u00eda ten moitos centros educativos que atender, pero n\u00f3s defendemos a urxencia e a necesidade de que o CEIP de Campo Lameiro te\u00f1a unha intervenci\u00f3n especial e se acometan con urxencia os traballos comprometidos que van desde o pintado de varios espazos ata o combio de xanelas, varios arranxos na calefacci\u00f3n, etc. Para n\u00f3s os nosos cativos e a s\u00faa educaci\u00f3n son prioridade m\u00e1xima e absoluta\u201d, indicou o alcalde, Carlos Costa.<\/p>\n","protected":false},"excerpt":{"rendered":"<p>O alcalde de Campo Lameiro, Carlos Costa, e a concelleira Nieves Boullosa mantiveron unha xuntanza de traballo co xefe territorial da Conseller\u00eda de Cultura, Educaci\u00f3n, Formaci\u00f3n Profesional e Universidades, C\u00e9sar P\u00e9rez Ares, no que abordaron as necesidades de infraestrutura relacionadas co colexio p\u00fablico \u201cPedro Antonio Cervi\u00f1o\u201d da localidade. Froito desta xuntanza, o alcalde logrou o [&hellip;]<\/p>\n","protected":false},"author":8,"featured_media":6124,"comment_status":"closed","ping_status":"closed","sticky":false,"template":"","format":"standard","meta":{"footnotes":""},"categories":[57],"tags":[],"aioseo_notices":[],"_links":{"self":[{"href":"https:\/\/campolameiro.org\/es\/wp-json\/wp\/v2\/posts\/6123"}],"collection":[{"href":"https:\/\/campolameiro.org\/es\/wp-json\/wp\/v2\/posts"}],"about":[{"href":"https:\/\/campolameiro.org\/es\/wp-json\/wp\/v2\/types\/post"}],"author":[{"embeddable":true,"href":"https:\/\/campolameiro.org\/es\/wp-json\/wp\/v2\/users\/8"}],"replies":[{"embeddable":true,"href":"https:\/\/campolameiro.org\/es\/wp-json\/wp\/v2\/comments?post=6123"}],"version-history":[{"count":1,"href":"https:\/\/campolameiro.org\/es\/wp-json\/wp\/v2\/posts\/6123\/revisions"}],"predecessor-version":[{"id":6126,"href":"https:\/\/campolameiro.org\/es\/wp-json\/wp\/v2\/posts\/6123\/revisions\/6126"}],"wp:featuredmedia":[{"embeddable":true,"href":"https:\/\/campolameiro.org\/es\/wp-json\/wp\/v2\/media\/6124"}],"wp:attachment":[{"href":"https:\/\/campolameiro.org\/es\/wp-json\/wp\/v2\/media?parent=6123"}],"wp:term":[{"taxonomy":"category","embeddable":true,"href":"https:\/\/campolameiro.org\/es\/wp-json\/wp\/v2\/categories?post=6123"},{"taxonomy":"post_tag","embeddable":true,"href":"https:\/\/campolameiro.org\/es\/wp-json\/wp\/v2\/tags?post=6123"}],"curies":[{"name":"wp","href":"https:\/\/api.w.org\/{rel}","templated":true}]}}