{"id":5972,"date":"2022-06-17T09:02:10","date_gmt":"2022-06-17T07:02:10","guid":{"rendered":"https:\/\/campolameiro.org\/?p=5972"},"modified":"2022-06-29T16:31:16","modified_gmt":"2022-06-29T14:31:16","slug":"publicadas-as-bases-para-a-contratacion-laboral-de-dous-socorristas-acuaticos-para-a-piscina-municipal-de-campo-lameiro-2022","status":"publish","type":"post","link":"https:\/\/campolameiro.org\/es\/publicadas-as-bases-para-a-contratacion-laboral-de-dous-socorristas-acuaticos-para-a-piscina-municipal-de-campo-lameiro-2022\/","title":{"rendered":"PUBLICADAS AS BASES PARA A CONTRATACI\u00d3N LABORAL DE DOUS SOCORRISTAS ACU\u00c1TICOS PARA A PISCINA MUNICIPAL DE CAMPO LAMEIRO 2022"},"content":{"rendered":"<p class=\"p2\">O Concello de Campo Lameiro acaba de facer p\u00fablicas as bases que rexir\u00e1n a convocatoria e a contrataci\u00f3n laboral temporal de dous socorristas acu\u00e1ticos para a Piscina Municipal, para o per\u00edodo de ver\u00e1n. A\u00a0prestaci\u00f3n incluir\u00e1 os servicios propios de socorrista acu\u00e1tico e monitor, e posta a punto das instalaci\u00f3ns.<\/p>\n<p class=\"p3\">A modalidade contractual ser\u00e1 de contrato temporal para a mellora da ocupabilidade e da inserci\u00f3n laboral, a xornada completa.<\/p>\n<p class=\"p3\">Para esta contrataci\u00f3n o Concello de Campo Lameiro ten solicitada unha axuda o abeiro da Orde do 7 de xaneiro de 2022, pola que se esbablecen as bases que regulan as axudas e subvenci\u00f3ns para o fomento do emprego e mellora da empregabilidade no \u00e1mbito de colaboraci\u00f3n coas entidades locais para o ano 2022.<\/p>\n<p class=\"p3\">A duraci\u00f3n do contrato prevese en dous meses e medio a comenzar o 1 de xullo e a retribuci\u00f3n ser\u00e1 a que establezca ao IV Convenio Colectivo de Instalaci\u00f3ns Deportivas e de Ximnasios da Comunidade Aut\u00f3noma de Galicia publicado no DOGA n\u00ba 134 de 7 de xullo de 2020, e en concreto f\u00edxase en 1.268,12\u20ac brutos mensuais con todos os conceptos e pagas extra prorrateadas inclu\u00eddas.<\/p>\n<p><strong>BASES DO PROCESO DE CONTRATACI\u00d3N:<\/strong><\/p>\n<p><a href=\"https:\/\/campolameiro.org\/wp-content\/uploads\/2022\/06\/20220615_Outros_BASES-SOCORRISTAS-2022-1.pdf\">20220615_Outros_BASES SOCORRISTAS 2022 (1)<\/a><\/p>\n<p><strong>LISTADO DE ADMITIDOS E EXCLU\u00cdDOS:<\/strong><\/p>\n<p><a href=\"https:\/\/campolameiro.org\/wp-content\/uploads\/2022\/06\/20220628_Resolucion_lista-d-e-admitidos-e-exclui\u0301dos.pdf\">20220628_Resolucion_lista d e admitidos e exclui\u0301dos<\/a><\/p>\n<p><strong>ACTA DO TRIBUNAL:<\/strong><\/p>\n<p><a href=\"https:\/\/campolameiro.org\/wp-content\/uploads\/2022\/06\/ACTA-DO-TRIBUNAL-1.pdf\">ACTA DO TRIBUNAL<\/a><\/p>\n","protected":false},"excerpt":{"rendered":"<p>O Concello de Campo Lameiro acaba de facer p\u00fablicas as bases que rexir\u00e1n a convocatoria e a contrataci\u00f3n laboral temporal de dous socorristas acu\u00e1ticos para a Piscina Municipal, para o per\u00edodo de ver\u00e1n. A\u00a0prestaci\u00f3n incluir\u00e1 os servicios propios de socorrista acu\u00e1tico e monitor, e posta a punto das instalaci\u00f3ns. A modalidade contractual ser\u00e1 de contrato [&hellip;]<\/p>\n","protected":false},"author":8,"featured_media":5976,"comment_status":"closed","ping_status":"closed","sticky":false,"template":"","format":"standard","meta":{"footnotes":""},"categories":[57,8],"tags":[],"aioseo_notices":[],"_links":{"self":[{"href":"https:\/\/campolameiro.org\/es\/wp-json\/wp\/v2\/posts\/5972"}],"collection":[{"href":"https:\/\/campolameiro.org\/es\/wp-json\/wp\/v2\/posts"}],"about":[{"href":"https:\/\/campolameiro.org\/es\/wp-json\/wp\/v2\/types\/post"}],"author":[{"embeddable":true,"href":"https:\/\/campolameiro.org\/es\/wp-json\/wp\/v2\/users\/8"}],"replies":[{"embeddable":true,"href":"https:\/\/campolameiro.org\/es\/wp-json\/wp\/v2\/comments?post=5972"}],"version-history":[{"count":3,"href":"https:\/\/campolameiro.org\/es\/wp-json\/wp\/v2\/posts\/5972\/revisions"}],"predecessor-version":[{"id":5997,"href":"https:\/\/campolameiro.org\/es\/wp-json\/wp\/v2\/posts\/5972\/revisions\/5997"}],"wp:featuredmedia":[{"embeddable":true,"href":"https:\/\/campolameiro.org\/es\/wp-json\/wp\/v2\/media\/5976"}],"wp:attachment":[{"href":"https:\/\/campolameiro.org\/es\/wp-json\/wp\/v2\/media?parent=5972"}],"wp:term":[{"taxonomy":"category","embeddable":true,"href":"https:\/\/campolameiro.org\/es\/wp-json\/wp\/v2\/categories?post=5972"},{"taxonomy":"post_tag","embeddable":true,"href":"https:\/\/campolameiro.org\/es\/wp-json\/wp\/v2\/tags?post=5972"}],"curies":[{"name":"wp","href":"https:\/\/api.w.org\/{rel}","templated":true}]}}