{"id":5732,"date":"2021-11-25T11:31:58","date_gmt":"2021-11-25T10:31:58","guid":{"rendered":"https:\/\/campolameiro.org\/?p=5732"},"modified":"2021-11-25T11:31:58","modified_gmt":"2021-11-25T10:31:58","slug":"no-15-n-campo-lameiro-declarase-como-concello-un-espazo-libre-da-violencia-de-xenero","status":"publish","type":"post","link":"https:\/\/campolameiro.org\/es\/no-15-n-campo-lameiro-declarase-como-concello-un-espazo-libre-da-violencia-de-xenero\/","title":{"rendered":"NO 15-N, CAMPO LAMEIRO DECL\u00c1RASE COMO CONCELLO UN ESPAZO LIBRE DA VIOLENCIA DE X\u00c9NERO"},"content":{"rendered":"<div class=\"kvgmc6g5 cxmmr5t8 oygrvhab hcukyx3x c1et5uql ii04i59q\">\n<div dir=\"auto\">O Concello de Campo Lameiro conmemora o 25-N cun v\u00eddeo no que participa a veci\u00f1anza para declarar o rexeitamento radical \u00e1 violencia de x\u00e9nero e aos comportamentos machistas, unindo voces contra o maltrato en todas as s\u00faas manifestaci\u00f3ns, formas e maneiras.<\/p>\n<\/div>\n<\/div>\n<div class=\"o9v6fnle cxmmr5t8 oygrvhab hcukyx3x c1et5uql ii04i59q\">\n<div dir=\"auto\">No 25-N, Campo Lameiro, un concello pola igualdade e en contra da violencia de x\u00e9nero.<\/p>\n<\/div>\n<\/div>\n<div class=\"o9v6fnle cxmmr5t8 oygrvhab hcukyx3x c1et5uql ii04i59q\">\n<div dir=\"auto\">Act\u00faa!!<\/p>\n<p>https:\/\/www.facebook.com\/concellodecampolameiro<\/p><\/div>\n<div dir=\"auto\"><\/div>\n<\/div>\n","protected":false},"excerpt":{"rendered":"<p>O Concello de Campo Lameiro conmemora o 25-N cun v\u00eddeo no que participa a veci\u00f1anza para declarar o rexeitamento radical \u00e1 violencia de x\u00e9nero e aos comportamentos machistas, unindo voces contra o maltrato en todas as s\u00faas manifestaci\u00f3ns, formas e maneiras. No 25-N, Campo Lameiro, un concello pola igualdade e en contra da violencia de [&hellip;]<\/p>\n","protected":false},"author":8,"featured_media":0,"comment_status":"closed","ping_status":"closed","sticky":false,"template":"","format":"standard","meta":{"footnotes":""},"categories":[8],"tags":[],"aioseo_notices":[],"_links":{"self":[{"href":"https:\/\/campolameiro.org\/es\/wp-json\/wp\/v2\/posts\/5732"}],"collection":[{"href":"https:\/\/campolameiro.org\/es\/wp-json\/wp\/v2\/posts"}],"about":[{"href":"https:\/\/campolameiro.org\/es\/wp-json\/wp\/v2\/types\/post"}],"author":[{"embeddable":true,"href":"https:\/\/campolameiro.org\/es\/wp-json\/wp\/v2\/users\/8"}],"replies":[{"embeddable":true,"href":"https:\/\/campolameiro.org\/es\/wp-json\/wp\/v2\/comments?post=5732"}],"version-history":[{"count":1,"href":"https:\/\/campolameiro.org\/es\/wp-json\/wp\/v2\/posts\/5732\/revisions"}],"predecessor-version":[{"id":5733,"href":"https:\/\/campolameiro.org\/es\/wp-json\/wp\/v2\/posts\/5732\/revisions\/5733"}],"wp:attachment":[{"href":"https:\/\/campolameiro.org\/es\/wp-json\/wp\/v2\/media?parent=5732"}],"wp:term":[{"taxonomy":"category","embeddable":true,"href":"https:\/\/campolameiro.org\/es\/wp-json\/wp\/v2\/categories?post=5732"},{"taxonomy":"post_tag","embeddable":true,"href":"https:\/\/campolameiro.org\/es\/wp-json\/wp\/v2\/tags?post=5732"}],"curies":[{"name":"wp","href":"https:\/\/api.w.org\/{rel}","templated":true}]}}