{"id":2827,"date":"2019-11-22T22:46:41","date_gmt":"2019-11-22T21:46:41","guid":{"rendered":"https:\/\/campolameiro.org\/?p=2827"},"modified":"2019-11-22T22:50:38","modified_gmt":"2019-11-22T21:50:38","slug":"a-i-romaria-e-mercado-artesanal-de-san-martino-de-penalba-desafiou-a-choiva-e-reuniu-a-medio-cento-de-artesans-e-numeroso-publico","status":"publish","type":"post","link":"https:\/\/campolameiro.org\/es\/a-i-romaria-e-mercado-artesanal-de-san-martino-de-penalba-desafiou-a-choiva-e-reuniu-a-medio-cento-de-artesans-e-numeroso-publico\/","title":{"rendered":"A I ROMAR\u00cdA E MERCADO ARTESANAL DE SAN MARTI\u00d1O DE PENALBA DESAFIOU \u00c1 CHOIVA E REUNIU A MEDIO CENTO DE ARTES\u00c1NS E NUMEROSO P\u00daBLICO"},"content":{"rendered":"<p><span style=\"font-size: 16px;\"><strong>Diversas actividades completaron un d\u00eda desapacible onde o churrasco e o polbo a feira convert\u00e9ronse en alternativas gastron\u00f3micas da xornada<\/strong><\/span><\/p>\n<p>Os veci\u00f1os de Campo Lameiro desafiaron \u00e1 intensa choiva que caeu durante toda a xornada electoral de hoxe e asistiron \u00e1 I Romar\u00eda e Mercado Artesanal de San Marti\u00f1o de Penalba, unha iniciativa levada a cabo por iniciativa do cura p\u00e1rroco de Campo Lameiro, don Ferm\u00edn e que conta coa colaboraci\u00f3n do Concello e da Comisi\u00f3n de Festas de San Miguel.<\/p>\n<p>Medio cento de artes\u00e1ns se deron cita debaixo das carpas facilitadas pola organizaci\u00f3n e os asistentes puderon ver aut\u00e9nticas obras de arte en diversos materiais, formas e cores facendo desta iniciativa un xeito de dinamiza-lo mundo rural en xeral e o municipio de Campo Lameiro en particular.<\/p>\n<p>Ao longo da xornada f\u00f3ronse realizando diversas actividades culturais e musicais complementarias como a actuaci\u00f3n da Banda de M\u00fasica Uni\u00f3n Cultural de Campo Lameiro, o d\u00fao Cach\u00e9 e Nueva Era, as\u00ed como atractivos gastron\u00f3micos como polbo \u00e1 feira e churrasco ademais dunha chocolatada con churros como colof\u00f3n desta xornada.<\/p>\n<p>O alcalde, Carlos Costa Dom\u00ednguez, e as concelleiros Nieves Boullosa, Delia Carramal e Alberto Maquiera, supervisaron a colocaci\u00f3n dos diversos stands presentes na romar\u00eda e mercado habilitado en Penalba e manifestaron a s\u00faa satisfacci\u00f3n pola implicaci\u00f3n activa tanto dos artes\u00e1ns expositores como dos veci\u00f1os e veci\u00f1as que, pese \u00e1s malas condici\u00f3ns metereol\u00f3xicas, se achegaron para colaborar nesta primeira iniciativa de dinamizaci\u00f3n local.<\/p>\n<p>\u201cUn dos nosos compromisos \u00e9 a dinamiza-lo noso pobo e ofrecer todo tipo de alternativas para reivindicar ao noso concello dentro da comarca como un lugar para vivir, para investir e para disfrutar desde un punto de vista tur\u00edstico, gastron\u00f3mico e tam\u00e9n un lugar onde ten cabida o emprendemento individual e colectivo. Pretendemos facer protagonistas do futuro de Campo Lameiro aos nosos veci\u00f1os e os nosos recursos tur\u00edsticos, gastron\u00f3micos e culturais\u201d, sinalou o alcalde Carlos Costa.<\/p>\n<div id='gallery-1' class='gallery galleryid-2827 gallery-columns-3 gallery-size-thumbnail'><figure class='gallery-item'>\n\t\t\t<div class='gallery-icon landscape'>\n\t\t\t\t<a href='https:\/\/campolameiro.org\/es\/a-i-romaria-e-mercado-artesanal-de-san-martino-de-penalba-desafiou-a-choiva-e-reuniu-a-medio-cento-de-artesans-e-numeroso-publico\/img_4251\/'><img loading=\"lazy\" decoding=\"async\" width=\"150\" height=\"150\" src=\"https:\/\/campolameiro.org\/wp-content\/uploads\/2019\/11\/IMG_4251-150x150.jpg\" class=\"attachment-thumbnail size-thumbnail\" alt=\"\" \/><\/a>\n\t\t\t<\/div><\/figure><figure class='gallery-item'>\n\t\t\t<div class='gallery-icon landscape'>\n\t\t\t\t<a href='https:\/\/campolameiro.org\/es\/a-i-romaria-e-mercado-artesanal-de-san-martino-de-penalba-desafiou-a-choiva-e-reuniu-a-medio-cento-de-artesans-e-numeroso-publico\/img_4252\/'><img loading=\"lazy\" decoding=\"async\" width=\"150\" height=\"150\" src=\"https:\/\/campolameiro.org\/wp-content\/uploads\/2019\/11\/IMG_4252-150x150.jpg\" class=\"attachment-thumbnail size-thumbnail\" alt=\"\" \/><\/a>\n\t\t\t<\/div><\/figure><figure class='gallery-item'>\n\t\t\t<div class='gallery-icon landscape'>\n\t\t\t\t<a href='https:\/\/campolameiro.org\/es\/a-i-romaria-e-mercado-artesanal-de-san-martino-de-penalba-desafiou-a-choiva-e-reuniu-a-medio-cento-de-artesans-e-numeroso-publico\/img_4255\/'><img loading=\"lazy\" decoding=\"async\" width=\"150\" height=\"150\" src=\"https:\/\/campolameiro.org\/wp-content\/uploads\/2019\/11\/IMG_4255-150x150.jpg\" class=\"attachment-thumbnail size-thumbnail\" alt=\"\" \/><\/a>\n\t\t\t<\/div><\/figure><figure class='gallery-item'>\n\t\t\t<div class='gallery-icon landscape'>\n\t\t\t\t<a href='https:\/\/campolameiro.org\/es\/a-i-romaria-e-mercado-artesanal-de-san-martino-de-penalba-desafiou-a-choiva-e-reuniu-a-medio-cento-de-artesans-e-numeroso-publico\/img_4257\/'><img loading=\"lazy\" decoding=\"async\" width=\"150\" height=\"150\" src=\"https:\/\/campolameiro.org\/wp-content\/uploads\/2019\/11\/IMG_4257-150x150.jpg\" class=\"attachment-thumbnail size-thumbnail\" alt=\"\" \/><\/a>\n\t\t\t<\/div><\/figure><figure class='gallery-item'>\n\t\t\t<div class='gallery-icon landscape'>\n\t\t\t\t<a href='https:\/\/campolameiro.org\/es\/a-i-romaria-e-mercado-artesanal-de-san-martino-de-penalba-desafiou-a-choiva-e-reuniu-a-medio-cento-de-artesans-e-numeroso-publico\/img_4260\/'><img loading=\"lazy\" decoding=\"async\" width=\"150\" height=\"150\" src=\"https:\/\/campolameiro.org\/wp-content\/uploads\/2019\/11\/IMG_4260-150x150.jpg\" class=\"attachment-thumbnail size-thumbnail\" alt=\"\" \/><\/a>\n\t\t\t<\/div><\/figure><figure class='gallery-item'>\n\t\t\t<div class='gallery-icon landscape'>\n\t\t\t\t<a href='https:\/\/campolameiro.org\/es\/a-i-romaria-e-mercado-artesanal-de-san-martino-de-penalba-desafiou-a-choiva-e-reuniu-a-medio-cento-de-artesans-e-numeroso-publico\/img_4263\/'><img loading=\"lazy\" decoding=\"async\" width=\"150\" height=\"150\" src=\"https:\/\/campolameiro.org\/wp-content\/uploads\/2019\/11\/IMG_4263-150x150.jpg\" class=\"attachment-thumbnail size-thumbnail\" alt=\"\" \/><\/a>\n\t\t\t<\/div><\/figure><figure class='gallery-item'>\n\t\t\t<div class='gallery-icon landscape'>\n\t\t\t\t<a href='https:\/\/campolameiro.org\/es\/a-i-romaria-e-mercado-artesanal-de-san-martino-de-penalba-desafiou-a-choiva-e-reuniu-a-medio-cento-de-artesans-e-numeroso-publico\/img_4265\/'><img loading=\"lazy\" decoding=\"async\" width=\"150\" height=\"150\" src=\"https:\/\/campolameiro.org\/wp-content\/uploads\/2019\/11\/IMG_4265-150x150.jpg\" class=\"attachment-thumbnail size-thumbnail\" alt=\"\" \/><\/a>\n\t\t\t<\/div><\/figure><figure class='gallery-item'>\n\t\t\t<div class='gallery-icon landscape'>\n\t\t\t\t<a href='https:\/\/campolameiro.org\/es\/a-i-romaria-e-mercado-artesanal-de-san-martino-de-penalba-desafiou-a-choiva-e-reuniu-a-medio-cento-de-artesans-e-numeroso-publico\/img_4266\/'><img loading=\"lazy\" decoding=\"async\" width=\"150\" height=\"150\" src=\"https:\/\/campolameiro.org\/wp-content\/uploads\/2019\/11\/IMG_4266-150x150.jpg\" class=\"attachment-thumbnail size-thumbnail\" alt=\"\" \/><\/a>\n\t\t\t<\/div><\/figure><figure class='gallery-item'>\n\t\t\t<div class='gallery-icon landscape'>\n\t\t\t\t<a href='https:\/\/campolameiro.org\/es\/a-i-romaria-e-mercado-artesanal-de-san-martino-de-penalba-desafiou-a-choiva-e-reuniu-a-medio-cento-de-artesans-e-numeroso-publico\/img_4269\/'><img loading=\"lazy\" decoding=\"async\" width=\"150\" height=\"150\" src=\"https:\/\/campolameiro.org\/wp-content\/uploads\/2019\/11\/IMG_4269-150x150.jpg\" class=\"attachment-thumbnail size-thumbnail\" alt=\"\" \/><\/a>\n\t\t\t<\/div><\/figure><figure class='gallery-item'>\n\t\t\t<div class='gallery-icon landscape'>\n\t\t\t\t<a href='https:\/\/campolameiro.org\/es\/a-i-romaria-e-mercado-artesanal-de-san-martino-de-penalba-desafiou-a-choiva-e-reuniu-a-medio-cento-de-artesans-e-numeroso-publico\/img_4273\/'><img loading=\"lazy\" decoding=\"async\" width=\"150\" height=\"150\" src=\"https:\/\/campolameiro.org\/wp-content\/uploads\/2019\/11\/IMG_4273-150x150.jpg\" class=\"attachment-thumbnail size-thumbnail\" alt=\"\" \/><\/a>\n\t\t\t<\/div><\/figure><figure class='gallery-item'>\n\t\t\t<div class='gallery-icon landscape'>\n\t\t\t\t<a href='https:\/\/campolameiro.org\/es\/a-i-romaria-e-mercado-artesanal-de-san-martino-de-penalba-desafiou-a-choiva-e-reuniu-a-medio-cento-de-artesans-e-numeroso-publico\/img_4276\/'><img loading=\"lazy\" decoding=\"async\" width=\"150\" height=\"150\" src=\"https:\/\/campolameiro.org\/wp-content\/uploads\/2019\/11\/IMG_4276-150x150.jpg\" class=\"attachment-thumbnail size-thumbnail\" alt=\"\" \/><\/a>\n\t\t\t<\/div><\/figure><figure class='gallery-item'>\n\t\t\t<div class='gallery-icon landscape'>\n\t\t\t\t<a href='https:\/\/campolameiro.org\/es\/a-i-romaria-e-mercado-artesanal-de-san-martino-de-penalba-desafiou-a-choiva-e-reuniu-a-medio-cento-de-artesans-e-numeroso-publico\/img_4277\/'><img loading=\"lazy\" decoding=\"async\" width=\"150\" height=\"150\" src=\"https:\/\/campolameiro.org\/wp-content\/uploads\/2019\/11\/IMG_4277-150x150.jpg\" class=\"attachment-thumbnail size-thumbnail\" alt=\"\" \/><\/a>\n\t\t\t<\/div><\/figure><figure class='gallery-item'>\n\t\t\t<div class='gallery-icon landscape'>\n\t\t\t\t<a href='https:\/\/campolameiro.org\/es\/a-i-romaria-e-mercado-artesanal-de-san-martino-de-penalba-desafiou-a-choiva-e-reuniu-a-medio-cento-de-artesans-e-numeroso-publico\/img_4278\/'><img loading=\"lazy\" decoding=\"async\" width=\"150\" height=\"150\" src=\"https:\/\/campolameiro.org\/wp-content\/uploads\/2019\/11\/IMG_4278-150x150.jpg\" class=\"attachment-thumbnail size-thumbnail\" alt=\"\" \/><\/a>\n\t\t\t<\/div><\/figure><figure class='gallery-item'>\n\t\t\t<div class='gallery-icon landscape'>\n\t\t\t\t<a href='https:\/\/campolameiro.org\/es\/a-i-romaria-e-mercado-artesanal-de-san-martino-de-penalba-desafiou-a-choiva-e-reuniu-a-medio-cento-de-artesans-e-numeroso-publico\/img_4281\/'><img loading=\"lazy\" decoding=\"async\" width=\"150\" height=\"150\" src=\"https:\/\/campolameiro.org\/wp-content\/uploads\/2019\/11\/IMG_4281-150x150.jpg\" class=\"attachment-thumbnail size-thumbnail\" alt=\"\" \/><\/a>\n\t\t\t<\/div><\/figure><figure class='gallery-item'>\n\t\t\t<div class='gallery-icon landscape'>\n\t\t\t\t<a href='https:\/\/campolameiro.org\/es\/a-i-romaria-e-mercado-artesanal-de-san-martino-de-penalba-desafiou-a-choiva-e-reuniu-a-medio-cento-de-artesans-e-numeroso-publico\/img_4283\/'><img loading=\"lazy\" decoding=\"async\" width=\"150\" height=\"150\" src=\"https:\/\/campolameiro.org\/wp-content\/uploads\/2019\/11\/IMG_4283-150x150.jpg\" class=\"attachment-thumbnail size-thumbnail\" alt=\"\" \/><\/a>\n\t\t\t<\/div><\/figure><figure class='gallery-item'>\n\t\t\t<div class='gallery-icon landscape'>\n\t\t\t\t<a href='https:\/\/campolameiro.org\/es\/a-i-romaria-e-mercado-artesanal-de-san-martino-de-penalba-desafiou-a-choiva-e-reuniu-a-medio-cento-de-artesans-e-numeroso-publico\/img_4285\/'><img loading=\"lazy\" decoding=\"async\" width=\"150\" height=\"150\" src=\"https:\/\/campolameiro.org\/wp-content\/uploads\/2019\/11\/IMG_4285-150x150.jpg\" class=\"attachment-thumbnail size-thumbnail\" alt=\"\" \/><\/a>\n\t\t\t<\/div><\/figure><figure class='gallery-item'>\n\t\t\t<div class='gallery-icon landscape'>\n\t\t\t\t<a href='https:\/\/campolameiro.org\/es\/a-i-romaria-e-mercado-artesanal-de-san-martino-de-penalba-desafiou-a-choiva-e-reuniu-a-medio-cento-de-artesans-e-numeroso-publico\/img_4287\/'><img loading=\"lazy\" decoding=\"async\" width=\"150\" height=\"150\" src=\"https:\/\/campolameiro.org\/wp-content\/uploads\/2019\/11\/IMG_4287-150x150.jpg\" class=\"attachment-thumbnail size-thumbnail\" alt=\"\" \/><\/a>\n\t\t\t<\/div><\/figure><figure class='gallery-item'>\n\t\t\t<div class='gallery-icon landscape'>\n\t\t\t\t<a href='https:\/\/campolameiro.org\/es\/a-i-romaria-e-mercado-artesanal-de-san-martino-de-penalba-desafiou-a-choiva-e-reuniu-a-medio-cento-de-artesans-e-numeroso-publico\/img_4291\/'><img loading=\"lazy\" decoding=\"async\" width=\"150\" height=\"150\" src=\"https:\/\/campolameiro.org\/wp-content\/uploads\/2019\/11\/IMG_4291-150x150.jpg\" class=\"attachment-thumbnail size-thumbnail\" alt=\"\" \/><\/a>\n\t\t\t<\/div><\/figure><figure class='gallery-item'>\n\t\t\t<div class='gallery-icon landscape'>\n\t\t\t\t<a href='https:\/\/campolameiro.org\/es\/a-i-romaria-e-mercado-artesanal-de-san-martino-de-penalba-desafiou-a-choiva-e-reuniu-a-medio-cento-de-artesans-e-numeroso-publico\/img_4292\/'><img loading=\"lazy\" decoding=\"async\" width=\"150\" height=\"150\" src=\"https:\/\/campolameiro.org\/wp-content\/uploads\/2019\/11\/IMG_4292-150x150.jpg\" class=\"attachment-thumbnail size-thumbnail\" alt=\"\" \/><\/a>\n\t\t\t<\/div><\/figure><figure class='gallery-item'>\n\t\t\t<div class='gallery-icon landscape'>\n\t\t\t\t<a href='https:\/\/campolameiro.org\/es\/a-i-romaria-e-mercado-artesanal-de-san-martino-de-penalba-desafiou-a-choiva-e-reuniu-a-medio-cento-de-artesans-e-numeroso-publico\/img_4295\/'><img loading=\"lazy\" decoding=\"async\" width=\"150\" height=\"150\" src=\"https:\/\/campolameiro.org\/wp-content\/uploads\/2019\/11\/IMG_4295-150x150.jpg\" class=\"attachment-thumbnail size-thumbnail\" alt=\"\" \/><\/a>\n\t\t\t<\/div><\/figure><figure class='gallery-item'>\n\t\t\t<div class='gallery-icon landscape'>\n\t\t\t\t<a href='https:\/\/campolameiro.org\/es\/a-i-romaria-e-mercado-artesanal-de-san-martino-de-penalba-desafiou-a-choiva-e-reuniu-a-medio-cento-de-artesans-e-numeroso-publico\/img_4299\/'><img loading=\"lazy\" decoding=\"async\" width=\"150\" height=\"150\" src=\"https:\/\/campolameiro.org\/wp-content\/uploads\/2019\/11\/IMG_4299-150x150.jpg\" class=\"attachment-thumbnail size-thumbnail\" alt=\"\" \/><\/a>\n\t\t\t<\/div><\/figure><figure class='gallery-item'>\n\t\t\t<div class='gallery-icon landscape'>\n\t\t\t\t<a href='https:\/\/campolameiro.org\/es\/a-i-romaria-e-mercado-artesanal-de-san-martino-de-penalba-desafiou-a-choiva-e-reuniu-a-medio-cento-de-artesans-e-numeroso-publico\/img_4300\/'><img loading=\"lazy\" decoding=\"async\" width=\"150\" height=\"150\" src=\"https:\/\/campolameiro.org\/wp-content\/uploads\/2019\/11\/IMG_4300-150x150.jpg\" class=\"attachment-thumbnail size-thumbnail\" alt=\"\" \/><\/a>\n\t\t\t<\/div><\/figure><figure class='gallery-item'>\n\t\t\t<div class='gallery-icon landscape'>\n\t\t\t\t<a href='https:\/\/campolameiro.org\/es\/a-i-romaria-e-mercado-artesanal-de-san-martino-de-penalba-desafiou-a-choiva-e-reuniu-a-medio-cento-de-artesans-e-numeroso-publico\/img_4301\/'><img loading=\"lazy\" decoding=\"async\" width=\"150\" height=\"150\" src=\"https:\/\/campolameiro.org\/wp-content\/uploads\/2019\/11\/IMG_4301-150x150.jpg\" class=\"attachment-thumbnail size-thumbnail\" alt=\"\" \/><\/a>\n\t\t\t<\/div><\/figure><figure class='gallery-item'>\n\t\t\t<div class='gallery-icon landscape'>\n\t\t\t\t<a href='https:\/\/campolameiro.org\/es\/a-i-romaria-e-mercado-artesanal-de-san-martino-de-penalba-desafiou-a-choiva-e-reuniu-a-medio-cento-de-artesans-e-numeroso-publico\/img_4311\/'><img loading=\"lazy\" decoding=\"async\" width=\"150\" height=\"150\" src=\"https:\/\/campolameiro.org\/wp-content\/uploads\/2019\/11\/IMG_4311-150x150.jpg\" class=\"attachment-thumbnail size-thumbnail\" alt=\"\" \/><\/a>\n\t\t\t<\/div><\/figure><figure class='gallery-item'>\n\t\t\t<div class='gallery-icon landscape'>\n\t\t\t\t<a href='https:\/\/campolameiro.org\/es\/a-i-romaria-e-mercado-artesanal-de-san-martino-de-penalba-desafiou-a-choiva-e-reuniu-a-medio-cento-de-artesans-e-numeroso-publico\/img_4313\/'><img loading=\"lazy\" decoding=\"async\" width=\"150\" height=\"150\" src=\"https:\/\/campolameiro.org\/wp-content\/uploads\/2019\/11\/IMG_4313-150x150.jpg\" class=\"attachment-thumbnail size-thumbnail\" alt=\"\" \/><\/a>\n\t\t\t<\/div><\/figure><figure class='gallery-item'>\n\t\t\t<div class='gallery-icon landscape'>\n\t\t\t\t<a href='https:\/\/campolameiro.org\/es\/a-i-romaria-e-mercado-artesanal-de-san-martino-de-penalba-desafiou-a-choiva-e-reuniu-a-medio-cento-de-artesans-e-numeroso-publico\/img_4315\/'><img loading=\"lazy\" decoding=\"async\" width=\"150\" height=\"150\" src=\"https:\/\/campolameiro.org\/wp-content\/uploads\/2019\/11\/IMG_4315-150x150.jpg\" class=\"attachment-thumbnail size-thumbnail\" alt=\"\" \/><\/a>\n\t\t\t<\/div><\/figure><figure class='gallery-item'>\n\t\t\t<div class='gallery-icon landscape'>\n\t\t\t\t<a href='https:\/\/campolameiro.org\/es\/a-i-romaria-e-mercado-artesanal-de-san-martino-de-penalba-desafiou-a-choiva-e-reuniu-a-medio-cento-de-artesans-e-numeroso-publico\/img_4317\/'><img loading=\"lazy\" decoding=\"async\" width=\"150\" height=\"150\" src=\"https:\/\/campolameiro.org\/wp-content\/uploads\/2019\/11\/IMG_4317-150x150.jpg\" class=\"attachment-thumbnail size-thumbnail\" alt=\"\" \/><\/a>\n\t\t\t<\/div><\/figure><figure class='gallery-item'>\n\t\t\t<div class='gallery-icon landscape'>\n\t\t\t\t<a href='https:\/\/campolameiro.org\/es\/a-i-romaria-e-mercado-artesanal-de-san-martino-de-penalba-desafiou-a-choiva-e-reuniu-a-medio-cento-de-artesans-e-numeroso-publico\/img_4321\/'><img loading=\"lazy\" decoding=\"async\" width=\"150\" height=\"150\" src=\"https:\/\/campolameiro.org\/wp-content\/uploads\/2019\/11\/IMG_4321-150x150.jpg\" class=\"attachment-thumbnail size-thumbnail\" alt=\"\" \/><\/a>\n\t\t\t<\/div><\/figure><figure class='gallery-item'>\n\t\t\t<div class='gallery-icon landscape'>\n\t\t\t\t<a href='https:\/\/campolameiro.org\/es\/a-i-romaria-e-mercado-artesanal-de-san-martino-de-penalba-desafiou-a-choiva-e-reuniu-a-medio-cento-de-artesans-e-numeroso-publico\/img_4324\/'><img loading=\"lazy\" decoding=\"async\" width=\"150\" height=\"150\" src=\"https:\/\/campolameiro.org\/wp-content\/uploads\/2019\/11\/IMG_4324-150x150.jpg\" class=\"attachment-thumbnail size-thumbnail\" alt=\"\" \/><\/a>\n\t\t\t<\/div><\/figure><figure class='gallery-item'>\n\t\t\t<div class='gallery-icon landscape'>\n\t\t\t\t<a href='https:\/\/campolameiro.org\/es\/a-i-romaria-e-mercado-artesanal-de-san-martino-de-penalba-desafiou-a-choiva-e-reuniu-a-medio-cento-de-artesans-e-numeroso-publico\/img_4328\/'><img loading=\"lazy\" decoding=\"async\" width=\"150\" height=\"150\" src=\"https:\/\/campolameiro.org\/wp-content\/uploads\/2019\/11\/IMG_4328-150x150.jpg\" class=\"attachment-thumbnail size-thumbnail\" alt=\"\" \/><\/a>\n\t\t\t<\/div><\/figure><figure class='gallery-item'>\n\t\t\t<div class='gallery-icon landscape'>\n\t\t\t\t<a href='https:\/\/campolameiro.org\/es\/a-i-romaria-e-mercado-artesanal-de-san-martino-de-penalba-desafiou-a-choiva-e-reuniu-a-medio-cento-de-artesans-e-numeroso-publico\/img_4332\/'><img loading=\"lazy\" decoding=\"async\" width=\"150\" height=\"150\" src=\"https:\/\/campolameiro.org\/wp-content\/uploads\/2019\/11\/IMG_4332-150x150.jpg\" class=\"attachment-thumbnail size-thumbnail\" alt=\"\" \/><\/a>\n\t\t\t<\/div><\/figure><figure class='gallery-item'>\n\t\t\t<div class='gallery-icon landscape'>\n\t\t\t\t<a href='https:\/\/campolameiro.org\/es\/a-i-romaria-e-mercado-artesanal-de-san-martino-de-penalba-desafiou-a-choiva-e-reuniu-a-medio-cento-de-artesans-e-numeroso-publico\/img_4333\/'><img loading=\"lazy\" decoding=\"async\" width=\"150\" height=\"150\" src=\"https:\/\/campolameiro.org\/wp-content\/uploads\/2019\/11\/IMG_4333-150x150.jpg\" class=\"attachment-thumbnail size-thumbnail\" alt=\"\" \/><\/a>\n\t\t\t<\/div><\/figure><figure class='gallery-item'>\n\t\t\t<div class='gallery-icon landscape'>\n\t\t\t\t<a href='https:\/\/campolameiro.org\/es\/a-i-romaria-e-mercado-artesanal-de-san-martino-de-penalba-desafiou-a-choiva-e-reuniu-a-medio-cento-de-artesans-e-numeroso-publico\/img_4338\/'><img loading=\"lazy\" decoding=\"async\" width=\"150\" height=\"150\" src=\"https:\/\/campolameiro.org\/wp-content\/uploads\/2019\/11\/IMG_4338-150x150.jpg\" class=\"attachment-thumbnail size-thumbnail\" alt=\"\" \/><\/a>\n\t\t\t<\/div><\/figure><figure class='gallery-item'>\n\t\t\t<div class='gallery-icon landscape'>\n\t\t\t\t<a href='https:\/\/campolameiro.org\/es\/a-i-romaria-e-mercado-artesanal-de-san-martino-de-penalba-desafiou-a-choiva-e-reuniu-a-medio-cento-de-artesans-e-numeroso-publico\/img_4339\/'><img loading=\"lazy\" decoding=\"async\" width=\"150\" height=\"150\" src=\"https:\/\/campolameiro.org\/wp-content\/uploads\/2019\/11\/IMG_4339-150x150.jpg\" class=\"attachment-thumbnail size-thumbnail\" alt=\"\" \/><\/a>\n\t\t\t<\/div><\/figure><figure class='gallery-item'>\n\t\t\t<div class='gallery-icon landscape'>\n\t\t\t\t<a href='https:\/\/campolameiro.org\/es\/a-i-romaria-e-mercado-artesanal-de-san-martino-de-penalba-desafiou-a-choiva-e-reuniu-a-medio-cento-de-artesans-e-numeroso-publico\/img_4341\/'><img loading=\"lazy\" decoding=\"async\" width=\"150\" height=\"150\" src=\"https:\/\/campolameiro.org\/wp-content\/uploads\/2019\/11\/IMG_4341-150x150.jpg\" class=\"attachment-thumbnail size-thumbnail\" alt=\"\" \/><\/a>\n\t\t\t<\/div><\/figure><figure class='gallery-item'>\n\t\t\t<div class='gallery-icon landscape'>\n\t\t\t\t<a href='https:\/\/campolameiro.org\/es\/a-i-romaria-e-mercado-artesanal-de-san-martino-de-penalba-desafiou-a-choiva-e-reuniu-a-medio-cento-de-artesans-e-numeroso-publico\/img_4349\/'><img loading=\"lazy\" decoding=\"async\" width=\"150\" height=\"150\" src=\"https:\/\/campolameiro.org\/wp-content\/uploads\/2019\/11\/IMG_4349-150x150.jpg\" class=\"attachment-thumbnail size-thumbnail\" alt=\"\" \/><\/a>\n\t\t\t<\/div><\/figure><figure class='gallery-item'>\n\t\t\t<div class='gallery-icon landscape'>\n\t\t\t\t<a href='https:\/\/campolameiro.org\/es\/a-i-romaria-e-mercado-artesanal-de-san-martino-de-penalba-desafiou-a-choiva-e-reuniu-a-medio-cento-de-artesans-e-numeroso-publico\/img_4351\/'><img loading=\"lazy\" decoding=\"async\" width=\"150\" height=\"150\" src=\"https:\/\/campolameiro.org\/wp-content\/uploads\/2019\/11\/IMG_4351-150x150.jpg\" class=\"attachment-thumbnail size-thumbnail\" alt=\"\" \/><\/a>\n\t\t\t<\/div><\/figure><figure class='gallery-item'>\n\t\t\t<div class='gallery-icon landscape'>\n\t\t\t\t<a href='https:\/\/campolameiro.org\/es\/a-i-romaria-e-mercado-artesanal-de-san-martino-de-penalba-desafiou-a-choiva-e-reuniu-a-medio-cento-de-artesans-e-numeroso-publico\/img_4354\/'><img loading=\"lazy\" decoding=\"async\" width=\"150\" height=\"150\" src=\"https:\/\/campolameiro.org\/wp-content\/uploads\/2019\/11\/IMG_4354-150x150.jpg\" class=\"attachment-thumbnail size-thumbnail\" alt=\"\" \/><\/a>\n\t\t\t<\/div><\/figure><figure class='gallery-item'>\n\t\t\t<div class='gallery-icon landscape'>\n\t\t\t\t<a href='https:\/\/campolameiro.org\/es\/a-i-romaria-e-mercado-artesanal-de-san-martino-de-penalba-desafiou-a-choiva-e-reuniu-a-medio-cento-de-artesans-e-numeroso-publico\/img_4363\/'><img loading=\"lazy\" decoding=\"async\" width=\"150\" height=\"150\" src=\"https:\/\/campolameiro.org\/wp-content\/uploads\/2019\/11\/IMG_4363-150x150.jpg\" class=\"attachment-thumbnail size-thumbnail\" alt=\"\" \/><\/a>\n\t\t\t<\/div><\/figure><figure class='gallery-item'>\n\t\t\t<div class='gallery-icon landscape'>\n\t\t\t\t<a href='https:\/\/campolameiro.org\/es\/a-i-romaria-e-mercado-artesanal-de-san-martino-de-penalba-desafiou-a-choiva-e-reuniu-a-medio-cento-de-artesans-e-numeroso-publico\/img_4375\/'><img loading=\"lazy\" decoding=\"async\" width=\"150\" height=\"150\" src=\"https:\/\/campolameiro.org\/wp-content\/uploads\/2019\/11\/IMG_4375-150x150.jpg\" class=\"attachment-thumbnail size-thumbnail\" alt=\"\" \/><\/a>\n\t\t\t<\/div><\/figure><figure class='gallery-item'>\n\t\t\t<div class='gallery-icon landscape'>\n\t\t\t\t<a href='https:\/\/campolameiro.org\/es\/a-i-romaria-e-mercado-artesanal-de-san-martino-de-penalba-desafiou-a-choiva-e-reuniu-a-medio-cento-de-artesans-e-numeroso-publico\/img_4388\/'><img loading=\"lazy\" decoding=\"async\" width=\"150\" height=\"150\" src=\"https:\/\/campolameiro.org\/wp-content\/uploads\/2019\/11\/IMG_4388-150x150.jpg\" class=\"attachment-thumbnail size-thumbnail\" alt=\"\" \/><\/a>\n\t\t\t<\/div><\/figure><figure class='gallery-item'>\n\t\t\t<div class='gallery-icon landscape'>\n\t\t\t\t<a href='https:\/\/campolameiro.org\/es\/a-i-romaria-e-mercado-artesanal-de-san-martino-de-penalba-desafiou-a-choiva-e-reuniu-a-medio-cento-de-artesans-e-numeroso-publico\/img_4390\/'><img loading=\"lazy\" decoding=\"async\" width=\"150\" height=\"150\" src=\"https:\/\/campolameiro.org\/wp-content\/uploads\/2019\/11\/IMG_4390-150x150.jpg\" class=\"attachment-thumbnail size-thumbnail\" alt=\"\" \/><\/a>\n\t\t\t<\/div><\/figure><figure class='gallery-item'>\n\t\t\t<div class='gallery-icon landscape'>\n\t\t\t\t<a href='https:\/\/campolameiro.org\/es\/a-i-romaria-e-mercado-artesanal-de-san-martino-de-penalba-desafiou-a-choiva-e-reuniu-a-medio-cento-de-artesans-e-numeroso-publico\/img_4392\/'><img loading=\"lazy\" decoding=\"async\" width=\"150\" height=\"150\" src=\"https:\/\/campolameiro.org\/wp-content\/uploads\/2019\/11\/IMG_4392-150x150.jpg\" class=\"attachment-thumbnail size-thumbnail\" alt=\"\" \/><\/a>\n\t\t\t<\/div><\/figure><figure class='gallery-item'>\n\t\t\t<div class='gallery-icon landscape'>\n\t\t\t\t<a href='https:\/\/campolameiro.org\/es\/a-i-romaria-e-mercado-artesanal-de-san-martino-de-penalba-desafiou-a-choiva-e-reuniu-a-medio-cento-de-artesans-e-numeroso-publico\/img_4395\/'><img loading=\"lazy\" decoding=\"async\" width=\"150\" height=\"150\" src=\"https:\/\/campolameiro.org\/wp-content\/uploads\/2019\/11\/IMG_4395-150x150.jpg\" class=\"attachment-thumbnail size-thumbnail\" alt=\"\" \/><\/a>\n\t\t\t<\/div><\/figure><figure class='gallery-item'>\n\t\t\t<div class='gallery-icon landscape'>\n\t\t\t\t<a href='https:\/\/campolameiro.org\/es\/a-i-romaria-e-mercado-artesanal-de-san-martino-de-penalba-desafiou-a-choiva-e-reuniu-a-medio-cento-de-artesans-e-numeroso-publico\/img_4398\/'><img loading=\"lazy\" decoding=\"async\" width=\"150\" height=\"150\" src=\"https:\/\/campolameiro.org\/wp-content\/uploads\/2019\/11\/IMG_4398-150x150.jpg\" class=\"attachment-thumbnail size-thumbnail\" alt=\"\" \/><\/a>\n\t\t\t<\/div><\/figure><figure class='gallery-item'>\n\t\t\t<div class='gallery-icon landscape'>\n\t\t\t\t<a href='https:\/\/campolameiro.org\/es\/a-i-romaria-e-mercado-artesanal-de-san-martino-de-penalba-desafiou-a-choiva-e-reuniu-a-medio-cento-de-artesans-e-numeroso-publico\/img_4399\/'><img loading=\"lazy\" decoding=\"async\" width=\"150\" height=\"150\" src=\"https:\/\/campolameiro.org\/wp-content\/uploads\/2019\/11\/IMG_4399-150x150.jpg\" class=\"attachment-thumbnail size-thumbnail\" alt=\"\" \/><\/a>\n\t\t\t<\/div><\/figure><figure class='gallery-item'>\n\t\t\t<div class='gallery-icon landscape'>\n\t\t\t\t<a href='https:\/\/campolameiro.org\/es\/a-i-romaria-e-mercado-artesanal-de-san-martino-de-penalba-desafiou-a-choiva-e-reuniu-a-medio-cento-de-artesans-e-numeroso-publico\/img_4400\/'><img loading=\"lazy\" decoding=\"async\" width=\"150\" height=\"150\" src=\"https:\/\/campolameiro.org\/wp-content\/uploads\/2019\/11\/IMG_4400-150x150.jpg\" class=\"attachment-thumbnail size-thumbnail\" alt=\"\" \/><\/a>\n\t\t\t<\/div><\/figure><figure class='gallery-item'>\n\t\t\t<div class='gallery-icon landscape'>\n\t\t\t\t<a href='https:\/\/campolameiro.org\/es\/a-i-romaria-e-mercado-artesanal-de-san-martino-de-penalba-desafiou-a-choiva-e-reuniu-a-medio-cento-de-artesans-e-numeroso-publico\/img_4403\/'><img loading=\"lazy\" decoding=\"async\" width=\"150\" height=\"150\" src=\"https:\/\/campolameiro.org\/wp-content\/uploads\/2019\/11\/IMG_4403-150x150.jpg\" class=\"attachment-thumbnail size-thumbnail\" alt=\"\" \/><\/a>\n\t\t\t<\/div><\/figure><figure class='gallery-item'>\n\t\t\t<div class='gallery-icon landscape'>\n\t\t\t\t<a href='https:\/\/campolameiro.org\/es\/a-i-romaria-e-mercado-artesanal-de-san-martino-de-penalba-desafiou-a-choiva-e-reuniu-a-medio-cento-de-artesans-e-numeroso-publico\/img_4407\/'><img loading=\"lazy\" decoding=\"async\" width=\"150\" height=\"150\" src=\"https:\/\/campolameiro.org\/wp-content\/uploads\/2019\/11\/IMG_4407-150x150.jpg\" class=\"attachment-thumbnail size-thumbnail\" alt=\"\" \/><\/a>\n\t\t\t<\/div><\/figure><figure class='gallery-item'>\n\t\t\t<div class='gallery-icon landscape'>\n\t\t\t\t<a href='https:\/\/campolameiro.org\/es\/a-i-romaria-e-mercado-artesanal-de-san-martino-de-penalba-desafiou-a-choiva-e-reuniu-a-medio-cento-de-artesans-e-numeroso-publico\/img_4410\/'><img loading=\"lazy\" decoding=\"async\" width=\"150\" height=\"150\" src=\"https:\/\/campolameiro.org\/wp-content\/uploads\/2019\/11\/IMG_4410-150x150.jpg\" class=\"attachment-thumbnail size-thumbnail\" alt=\"\" \/><\/a>\n\t\t\t<\/div><\/figure><figure class='gallery-item'>\n\t\t\t<div class='gallery-icon landscape'>\n\t\t\t\t<a href='https:\/\/campolameiro.org\/es\/a-i-romaria-e-mercado-artesanal-de-san-martino-de-penalba-desafiou-a-choiva-e-reuniu-a-medio-cento-de-artesans-e-numeroso-publico\/img_4415\/'><img loading=\"lazy\" decoding=\"async\" width=\"150\" height=\"150\" src=\"https:\/\/campolameiro.org\/wp-content\/uploads\/2019\/11\/IMG_4415-150x150.jpg\" class=\"attachment-thumbnail size-thumbnail\" alt=\"\" \/><\/a>\n\t\t\t<\/div><\/figure><figure class='gallery-item'>\n\t\t\t<div class='gallery-icon landscape'>\n\t\t\t\t<a href='https:\/\/campolameiro.org\/es\/a-i-romaria-e-mercado-artesanal-de-san-martino-de-penalba-desafiou-a-choiva-e-reuniu-a-medio-cento-de-artesans-e-numeroso-publico\/img_4419\/'><img loading=\"lazy\" decoding=\"async\" width=\"150\" height=\"150\" src=\"https:\/\/campolameiro.org\/wp-content\/uploads\/2019\/11\/IMG_4419-150x150.jpg\" class=\"attachment-thumbnail size-thumbnail\" alt=\"\" \/><\/a>\n\t\t\t<\/div><\/figure><figure class='gallery-item'>\n\t\t\t<div class='gallery-icon landscape'>\n\t\t\t\t<a href='https:\/\/campolameiro.org\/es\/a-i-romaria-e-mercado-artesanal-de-san-martino-de-penalba-desafiou-a-choiva-e-reuniu-a-medio-cento-de-artesans-e-numeroso-publico\/img_4424\/'><img loading=\"lazy\" decoding=\"async\" width=\"150\" height=\"150\" src=\"https:\/\/campolameiro.org\/wp-content\/uploads\/2019\/11\/IMG_4424-150x150.jpg\" class=\"attachment-thumbnail size-thumbnail\" alt=\"\" \/><\/a>\n\t\t\t<\/div><\/figure><figure class='gallery-item'>\n\t\t\t<div class='gallery-icon landscape'>\n\t\t\t\t<a href='https:\/\/campolameiro.org\/es\/a-i-romaria-e-mercado-artesanal-de-san-martino-de-penalba-desafiou-a-choiva-e-reuniu-a-medio-cento-de-artesans-e-numeroso-publico\/img_4428\/'><img loading=\"lazy\" decoding=\"async\" width=\"150\" height=\"150\" src=\"https:\/\/campolameiro.org\/wp-content\/uploads\/2019\/11\/IMG_4428-150x150.jpg\" class=\"attachment-thumbnail size-thumbnail\" alt=\"\" \/><\/a>\n\t\t\t<\/div><\/figure>\n\t\t<\/div>\n\n<p>&nbsp;<\/p>\n","protected":false},"excerpt":{"rendered":"<p>Diversas actividades completaron un d\u00eda desapacible onde o churrasco e o polbo a feira convert\u00e9ronse en alternativas gastron\u00f3micas da xornada Os veci\u00f1os de Campo Lameiro desafiaron \u00e1 intensa choiva que caeu durante toda a xornada electoral de hoxe e asistiron \u00e1 I Romar\u00eda e Mercado Artesanal de San Marti\u00f1o de Penalba, unha iniciativa levada a [&hellip;]<\/p>\n","protected":false},"author":8,"featured_media":2877,"comment_status":"closed","ping_status":"closed","sticky":false,"template":"","format":"standard","meta":{"footnotes":""},"categories":[19],"tags":[],"aioseo_notices":[],"_links":{"self":[{"href":"https:\/\/campolameiro.org\/es\/wp-json\/wp\/v2\/posts\/2827"}],"collection":[{"href":"https:\/\/campolameiro.org\/es\/wp-json\/wp\/v2\/posts"}],"about":[{"href":"https:\/\/campolameiro.org\/es\/wp-json\/wp\/v2\/types\/post"}],"author":[{"embeddable":true,"href":"https:\/\/campolameiro.org\/es\/wp-json\/wp\/v2\/users\/8"}],"replies":[{"embeddable":true,"href":"https:\/\/campolameiro.org\/es\/wp-json\/wp\/v2\/comments?post=2827"}],"version-history":[{"count":3,"href":"https:\/\/campolameiro.org\/es\/wp-json\/wp\/v2\/posts\/2827\/revisions"}],"predecessor-version":[{"id":2884,"href":"https:\/\/campolameiro.org\/es\/wp-json\/wp\/v2\/posts\/2827\/revisions\/2884"}],"wp:featuredmedia":[{"embeddable":true,"href":"https:\/\/campolameiro.org\/es\/wp-json\/wp\/v2\/media\/2877"}],"wp:attachment":[{"href":"https:\/\/campolameiro.org\/es\/wp-json\/wp\/v2\/media?parent=2827"}],"wp:term":[{"taxonomy":"category","embeddable":true,"href":"https:\/\/campolameiro.org\/es\/wp-json\/wp\/v2\/categories?post=2827"},{"taxonomy":"post_tag","embeddable":true,"href":"https:\/\/campolameiro.org\/es\/wp-json\/wp\/v2\/tags?post=2827"}],"curies":[{"name":"wp","href":"https:\/\/api.w.org\/{rel}","templated":true}]}}