{"id":2648,"date":"2019-11-06T13:58:40","date_gmt":"2019-11-06T12:58:40","guid":{"rendered":"https:\/\/campolameiro.org\/?p=2648"},"modified":"2019-11-06T13:58:56","modified_gmt":"2019-11-06T12:58:56","slug":"espazos-coworking-da-xunta-e-a-eoi","status":"publish","type":"post","link":"https:\/\/campolameiro.org\/es\/espazos-coworking-da-xunta-e-a-eoi\/","title":{"rendered":"ESPAZOS COWORKING DA XUNTA E A EOI"},"content":{"rendered":"<p>Os 10 espazos coworking da Xunta e a EOI abren o prazo de inscrici\u00f3n para que m\u00e1is de 200 emprendedores galegos accedan a formaci\u00f3n e asesoramento<\/p>\n<p>Convocatoria aberta a emprendedores cun proxecto empresarial en fase temper\u00e1 de desenvolvemento ou cunha empresa creada recentemente (non m\u00e1is de 6 meses antes da s\u00faa incorporaci\u00f3n ao espazo coworking).<\/p>\n<p>Est\u00edmanse en 22 os emprendedores que poder\u00e1n participar nesta convocatoria. A convocatoria permanecer\u00e1 aberta ata cubrir as prazas do Espazo Coworking.<\/p>\n<p>A Conseller\u00eda de Econom\u00eda, Emprego e Industria reforza nesta edici\u00f3n a s\u00faa aposta polo emprendemento coa posta en marcha de tres novos espazos en colaboraci\u00f3n coa Escola de Organizaci\u00f3n Industrial (EOI).<\/p>\n<p>Ata o 30 de novembro poder\u00e1n presentarse as solicitudes para unha nova edici\u00f3n dos espazos Coworking. Aos espazos de Mondo\u00f1edo, Monforte de Lemos, Celanova, Vilanova de Arousa, Cabana de Berganti\u00f1os, Ferrol, e Santiago de Compostela s\u00famanse tres novos en Palas de Rei, Cenlle e Moa\u00f1a. As novas aceleradoras est\u00e1n centradas no Cami\u00f1o, a agroalimentaci\u00f3n e o naval.<\/p>\n<p>M\u00e1is de 200 emprendedores galegos poder\u00e1n recibir formaci\u00f3n e asesoramento gratu\u00edto nos dez coworking que en datas pr\u00f3ximas comezar\u00e1n as actividades da s\u00faa nova convocatoria e para os que se v\u00e9n de abrir o prazo de inscrici\u00f3n, que remata o 30 de novembro.<\/p>\n<p><a href=\"https:\/\/campolameiro.org\/wp-content\/uploads\/2019\/11\/ESPAZOS-COWORKING-DA-XUNTA-E-A-EOI.pdf\">ESPAZOS COWORKING DA XUNTA E A EOI<\/a><\/p>\n<p>&nbsp;<\/p>\n<p>&nbsp;<\/p>\n<p>&nbsp;<\/p>\n<p>&nbsp;<\/p>\n","protected":false},"excerpt":{"rendered":"<p>Os 10 espazos coworking da Xunta e a EOI abren o prazo de inscrici\u00f3n para que m\u00e1is de 200 emprendedores galegos accedan a formaci\u00f3n e asesoramento Convocatoria aberta a emprendedores cun proxecto empresarial en fase temper\u00e1 de desenvolvemento ou cunha empresa creada recentemente (non m\u00e1is de 6 meses antes da s\u00faa incorporaci\u00f3n ao espazo coworking). [&hellip;]<\/p>\n","protected":false},"author":5,"featured_media":2650,"comment_status":"closed","ping_status":"closed","sticky":false,"template":"","format":"standard","meta":{"footnotes":""},"categories":[19,30,16],"tags":[],"aioseo_notices":[],"_links":{"self":[{"href":"https:\/\/campolameiro.org\/es\/wp-json\/wp\/v2\/posts\/2648"}],"collection":[{"href":"https:\/\/campolameiro.org\/es\/wp-json\/wp\/v2\/posts"}],"about":[{"href":"https:\/\/campolameiro.org\/es\/wp-json\/wp\/v2\/types\/post"}],"author":[{"embeddable":true,"href":"https:\/\/campolameiro.org\/es\/wp-json\/wp\/v2\/users\/5"}],"replies":[{"embeddable":true,"href":"https:\/\/campolameiro.org\/es\/wp-json\/wp\/v2\/comments?post=2648"}],"version-history":[{"count":1,"href":"https:\/\/campolameiro.org\/es\/wp-json\/wp\/v2\/posts\/2648\/revisions"}],"predecessor-version":[{"id":2651,"href":"https:\/\/campolameiro.org\/es\/wp-json\/wp\/v2\/posts\/2648\/revisions\/2651"}],"wp:featuredmedia":[{"embeddable":true,"href":"https:\/\/campolameiro.org\/es\/wp-json\/wp\/v2\/media\/2650"}],"wp:attachment":[{"href":"https:\/\/campolameiro.org\/es\/wp-json\/wp\/v2\/media?parent=2648"}],"wp:term":[{"taxonomy":"category","embeddable":true,"href":"https:\/\/campolameiro.org\/es\/wp-json\/wp\/v2\/categories?post=2648"},{"taxonomy":"post_tag","embeddable":true,"href":"https:\/\/campolameiro.org\/es\/wp-json\/wp\/v2\/tags?post=2648"}],"curies":[{"name":"wp","href":"https:\/\/api.w.org\/{rel}","templated":true}]}}