{"id":1915,"date":"2019-04-05T13:46:11","date_gmt":"2019-04-05T11:46:11","guid":{"rendered":"https:\/\/campolameiro.org\/benestar-en-balnearios-2019\/"},"modified":"2019-04-05T13:46:31","modified_gmt":"2019-04-05T11:46:31","slug":"benestar-en-balnearios-2019","status":"publish","type":"post","link":"https:\/\/campolameiro.org\/es\/benestar-en-balnearios-2019\/","title":{"rendered":"BENESTAR EN BALNEARIOS 2019"},"content":{"rendered":"<p>A Conseller\u00eda de Traballo e Benestar da Xunta de Galicia convoca 700 prazas de balnearios\u00a0 de quendas de 10 d\u00edas e 9 noites en r\u00e9xime de pensi\u00f3n completa.<\/p>\n<p>O programa desenvolveranse dende principios de xullo ata finais de setembro.<\/p>\n<p><a href=\"https:\/\/campolameiro.org\/wp-content\/uploads\/2019\/04\/programa_benestar_en_balnearios_2019_folleto_gal.pdf\">programa_benestar_en_balnearios_2019_folleto_gal<\/a><\/p>\n","protected":false},"excerpt":{"rendered":"<p>A Conseller\u00eda de Traballo e Benestar da Xunta de Galicia convoca 700 prazas de balnearios\u00a0 de quendas de 10 d\u00edas e 9 noites en r\u00e9xime de pensi\u00f3n completa. O programa desenvolveranse dende principios de xullo ata finais de setembro. programa_benestar_en_balnearios_2019_folleto_gal<\/p>\n","protected":false},"author":5,"featured_media":0,"comment_status":"closed","ping_status":"closed","sticky":false,"template":"","format":"standard","meta":{"footnotes":""},"categories":[4,31],"tags":[],"aioseo_notices":[],"_links":{"self":[{"href":"https:\/\/campolameiro.org\/es\/wp-json\/wp\/v2\/posts\/1915"}],"collection":[{"href":"https:\/\/campolameiro.org\/es\/wp-json\/wp\/v2\/posts"}],"about":[{"href":"https:\/\/campolameiro.org\/es\/wp-json\/wp\/v2\/types\/post"}],"author":[{"embeddable":true,"href":"https:\/\/campolameiro.org\/es\/wp-json\/wp\/v2\/users\/5"}],"replies":[{"embeddable":true,"href":"https:\/\/campolameiro.org\/es\/wp-json\/wp\/v2\/comments?post=1915"}],"version-history":[{"count":1,"href":"https:\/\/campolameiro.org\/es\/wp-json\/wp\/v2\/posts\/1915\/revisions"}],"predecessor-version":[{"id":1916,"href":"https:\/\/campolameiro.org\/es\/wp-json\/wp\/v2\/posts\/1915\/revisions\/1916"}],"wp:attachment":[{"href":"https:\/\/campolameiro.org\/es\/wp-json\/wp\/v2\/media?parent=1915"}],"wp:term":[{"taxonomy":"category","embeddable":true,"href":"https:\/\/campolameiro.org\/es\/wp-json\/wp\/v2\/categories?post=1915"},{"taxonomy":"post_tag","embeddable":true,"href":"https:\/\/campolameiro.org\/es\/wp-json\/wp\/v2\/tags?post=1915"}],"curies":[{"name":"wp","href":"https:\/\/api.w.org\/{rel}","templated":true}]}}