{"id":1302,"date":"2018-08-14T11:57:57","date_gmt":"2018-08-14T09:57:57","guid":{"rendered":"https:\/\/campolameiro.org\/1299\/"},"modified":"2018-09-25T17:41:11","modified_gmt":"2018-09-25T15:41:11","slug":"1299","status":"publish","type":"post","link":"https:\/\/campolameiro.org\/es\/1299\/","title":{"rendered":""},"content":{"rendered":"<p><span style=\"font-family: arial, helvetica, sans-serif;\">El Programa Gallego de Detecci\u00f3n Precoz\u00a0 de C\u00e1ncer\u00a0 de Mama de la Conseller\u00eda de Sanidad de la Xunta de Galicia, en colaboraci\u00f3n con la AECC, inicia \u00a0su campa\u00f1a en el Ayuntamiento de CAMPO LAMEIRO el d\u00eda <strong>12 de SEPTIEMBRE\u00a0 del 2018<\/strong>.<\/span><\/p>\n<p><span style=\"font-family: arial, helvetica, sans-serif;\">Consiste en la realizaci\u00f3n de <strong>Mamograf\u00edas<\/strong> a todas l<strong>as se\u00f1oras<\/strong> <strong>de 50 a 69<\/strong> a\u00f1os del Ayuntamiento.<\/span><\/p>\n<p><span style=\"font-family: arial, helvetica, sans-serif;\">Las Mamograf\u00edas se hacen en la Unidad Fija de Exploraci\u00f3n del <strong>CENTRO DE SALUD DE LA PARDA\u00a0<\/strong><a href=\"https:\/\/www.google.es\/maps\/place\/Centro+De+Sa%C3%BAde+A+Parda\/@42.4245502,-8.6310663,17z\/data=!3m1!4b1!4m5!3m4!1s0xd2f71b2897366bb:0xc47b3a20ba3e4fee!8m2!3d42.4245502!4d-8.6288776\">(Como Chegar)<\/a><\/span><\/p>\n<p><span style=\"font-family: arial, helvetica, sans-serif;\"><strong>Mediante una carta comunicar\u00e1n el d\u00eda, hora y lugar al que tienen que acudir.<\/strong><\/span><\/p>\n<p><span style=\"font-family: arial, helvetica, sans-serif;\"><strong><u>En el caso de no recibirla<\/u><\/strong>, CONTACTA en el 981 14 14 14, para solicitar su cita.<\/span><\/p>\n","protected":false},"excerpt":{"rendered":"<p>El Programa Gallego de Detecci\u00f3n Precoz\u00a0 de C\u00e1ncer\u00a0 de Mama de la Conseller\u00eda de Sanidad de la Xunta de Galicia, en colaboraci\u00f3n con la AECC, inicia \u00a0su campa\u00f1a en el Ayuntamiento de CAMPO LAMEIRO el d\u00eda 12 de SEPTIEMBRE\u00a0 del 2018. Consiste en la realizaci\u00f3n de Mamograf\u00edas a todas las se\u00f1oras de 50 a 69 [&hellip;]<\/p>\n","protected":false},"author":5,"featured_media":1292,"comment_status":"closed","ping_status":"closed","sticky":false,"template":"","format":"standard","meta":{"footnotes":""},"categories":[4,31],"tags":[],"aioseo_notices":[],"_links":{"self":[{"href":"https:\/\/campolameiro.org\/es\/wp-json\/wp\/v2\/posts\/1302"}],"collection":[{"href":"https:\/\/campolameiro.org\/es\/wp-json\/wp\/v2\/posts"}],"about":[{"href":"https:\/\/campolameiro.org\/es\/wp-json\/wp\/v2\/types\/post"}],"author":[{"embeddable":true,"href":"https:\/\/campolameiro.org\/es\/wp-json\/wp\/v2\/users\/5"}],"replies":[{"embeddable":true,"href":"https:\/\/campolameiro.org\/es\/wp-json\/wp\/v2\/comments?post=1302"}],"version-history":[{"count":2,"href":"https:\/\/campolameiro.org\/es\/wp-json\/wp\/v2\/posts\/1302\/revisions"}],"predecessor-version":[{"id":1305,"href":"https:\/\/campolameiro.org\/es\/wp-json\/wp\/v2\/posts\/1302\/revisions\/1305"}],"wp:featuredmedia":[{"embeddable":true,"href":"https:\/\/campolameiro.org\/es\/wp-json\/wp\/v2\/media\/1292"}],"wp:attachment":[{"href":"https:\/\/campolameiro.org\/es\/wp-json\/wp\/v2\/media?parent=1302"}],"wp:term":[{"taxonomy":"category","embeddable":true,"href":"https:\/\/campolameiro.org\/es\/wp-json\/wp\/v2\/categories?post=1302"},{"taxonomy":"post_tag","embeddable":true,"href":"https:\/\/campolameiro.org\/es\/wp-json\/wp\/v2\/tags?post=1302"}],"curies":[{"name":"wp","href":"https:\/\/api.w.org\/{rel}","templated":true}]}}